{"id":278,"date":"2019-04-02T09:46:53","date_gmt":"2019-04-02T07:46:53","guid":{"rendered":"http:\/\/www.leganavalesulcis.it\/wp\/?p=278"},"modified":"2019-06-23T14:57:26","modified_gmt":"2019-06-23T12:57:26","slug":"optimist","status":"publish","type":"post","link":"https:\/\/www.leganavalesulcis.it\/wp\/optimist\/","title":{"rendered":"Optimist"},"content":{"rendered":"<p><strong>Caratteristiche tecniche<\/strong><br \/>\n<img loading=\"lazy\" decoding=\"async\" class=\"size-medium wp-image-279 alignleft\" src=\"https:\/\/www.leganavalesulcis.it\/wp\/wp-content\/uploads\/2019\/06\/191px-Optimist_dinghy-191x300.jpg\" alt=\"\" width=\"191\" height=\"300\" \/>Lunghezza fuori tutto 2,30 m<br \/>\nLunghezza al galleggiamento 2,12 m<br \/>\nLarghezza 1,13 m<br \/>\nImmersione con deriva 0,78 m<br \/>\nPeso 35 kg<br \/>\nSuperficie velica totale 3,25 m\u00b2<br \/>\nSuperficie randa 3,25 m\u00b2<br \/>\nEquipaggio 1<\/p>\n<p>L&#8217;Optimist \u00e8 utilizzato da principianti o velisti con et\u00e0 compresa tra i 6 e i 16 anni. A causa della modesta dimensione dell&#8217;imbarcazione e del caratteristico\u00a0<a title=\"Boma\" href=\"https:\/\/it.wikipedia.org\/wiki\/Boma\">boma<\/a>\u00a0basso, la maggioranza dei ragazzi raggiunge una taglia eccessiva prima dei limiti di et\u00e0. Inoltre, a partire da dicembre dell&#8217;anno in cui il giovane compie i 15 anni di et\u00e0, questo non pu\u00f2 pi\u00f9 prendere parte con un Optimist a regate organizzate dalla\u00a0<a title=\"Federazione Italiana Vela\" href=\"https:\/\/it.wikipedia.org\/wiki\/Federazione_Italiana_Vela\">Federazione Italiana Vela<\/a>\u00a0e dall&#8217;<a class=\"mw-redirect\" title=\"International Sailing Federation\" href=\"https:\/\/it.wikipedia.org\/wiki\/International_Sailing_Federation\">International Sailing Federation<\/a>.<\/p>\n<p>\u00c8 diviso in due categorie: cadetti(U11) e juniores(U16). La bandiera di classe raffigura il simbolo della barca (presente anche in penna alla vela) su sfondo bianco per gli juniores e giallo per i cadetti.<\/p>\n<p>da <a href=\"https:\/\/it.wikipedia.org\/wiki\/Optimist\" target=\"_blank\" rel=\"noopener noreferrer\">Wikipedia<\/a><\/p>\n","protected":false},"excerpt":{"rendered":"<p>Caratteristiche tecniche Lunghezza fuori tutto 2,30 m Lunghezza al galleggiamento 2,12 m Larghezza 1,13 m Immersione con deriva 0,78 m<\/p>\n","protected":false},"author":2,"featured_media":280,"comment_status":"closed","ping_status":"closed","sticky":false,"template":"","format":"standard","meta":{"colormag_page_container_layout":"default_layout","colormag_page_sidebar_layout":"default_layout","jetpack_post_was_ever_published":false,"_jetpack_newsletter_access":"","_jetpack_dont_email_post_to_subs":false,"_jetpack_newsletter_tier_id":0,"_jetpack_memberships_contains_paywalled_content":false,"_jetpack_memberships_contains_paid_content":false,"footnotes":""},"categories":[11],"tags":[],"class_list":["post-278","post","type-post","status-publish","format-standard","has-post-thumbnail","hentry","category-barche"],"yoast_head":"<!-- This site is optimized with the Yoast SEO plugin v27.5 - https:\/\/yoast.com\/product\/yoast-seo-wordpress\/ -->\r\n<title>Optimist - Lega Navale Italiana Sezione Sulcis<\/title>\r\n<meta name=\"robots\" content=\"index, follow, max-snippet:-1, max-image-preview:large, max-video-preview:-1\" \/>\r\n<link rel=\"canonical\" href=\"https:\/\/www.leganavalesulcis.it\/wp\/optimist\/\" \/>\r\n<meta property=\"og:locale\" content=\"it_IT\" \/>\r\n<meta property=\"og:type\" content=\"article\" \/>\r\n<meta property=\"og:title\" content=\"Optimist - Lega Navale Italiana Sezione Sulcis\" \/>\r\n<meta property=\"og:description\" content=\"Caratteristiche tecniche Lunghezza fuori tutto 2,30 m Lunghezza al galleggiamento 2,12 m Larghezza 1,13 m Immersione con deriva 0,78 m\" \/>\r\n<meta property=\"og:url\" content=\"https:\/\/www.leganavalesulcis.it\/wp\/optimist\/\" \/>\r\n<meta property=\"og:site_name\" content=\"Lega Navale Italiana Sezione Sulcis\" \/>\r\n<meta property=\"article:published_time\" content=\"2019-04-02T07:46:53+00:00\" \/>\r\n<meta property=\"article:modified_time\" content=\"2019-06-23T12:57:26+00:00\" \/>\r\n<meta property=\"og:image\" content=\"https:\/\/www.leganavalesulcis.it\/wp\/wp-content\/uploads\/2019\/06\/optimist.jpg\" \/>\r\n\t<meta property=\"og:image:width\" content=\"660\" \/>\r\n\t<meta property=\"og:image:height\" content=\"228\" \/>\r\n\t<meta property=\"og:image:type\" content=\"image\/jpeg\" \/>\r\n<meta name=\"author\" content=\"Tiziana Schiaffino\" \/>\r\n<meta name=\"twitter:card\" content=\"summary_large_image\" \/>\r\n<meta name=\"twitter:label1\" content=\"Scritto da\" \/>\n\t<meta name=\"twitter:data1\" content=\"Tiziana Schiaffino\" \/>\n\t<meta name=\"twitter:label2\" content=\"Tempo di lettura stimato\" \/>\n\t<meta name=\"twitter:data2\" content=\"1 minuto\" \/>\r\n<script type=\"application\/ld+json\" class=\"yoast-schema-graph\">{\"@context\":\"https:\\\/\\\/schema.org\",\"@graph\":[{\"@type\":\"Article\",\"@id\":\"https:\\\/\\\/www.leganavalesulcis.it\\\/wp\\\/optimist\\\/#article\",\"isPartOf\":{\"@id\":\"https:\\\/\\\/www.leganavalesulcis.it\\\/wp\\\/optimist\\\/\"},\"author\":{\"name\":\"Tiziana Schiaffino\",\"@id\":\"https:\\\/\\\/www.leganavalesulcis.it\\\/wp\\\/#\\\/schema\\\/person\\\/aa224f330972cd0dc0ca3fef5f94e2e4\"},\"headline\":\"Optimist\",\"datePublished\":\"2019-04-02T07:46:53+00:00\",\"dateModified\":\"2019-06-23T12:57:26+00:00\",\"mainEntityOfPage\":{\"@id\":\"https:\\\/\\\/www.leganavalesulcis.it\\\/wp\\\/optimist\\\/\"},\"wordCount\":141,\"image\":{\"@id\":\"https:\\\/\\\/www.leganavalesulcis.it\\\/wp\\\/optimist\\\/#primaryimage\"},\"thumbnailUrl\":\"https:\\\/\\\/www.leganavalesulcis.it\\\/wp\\\/wp-content\\\/uploads\\\/2019\\\/06\\\/optimist.jpg\",\"articleSection\":[\"barche\"],\"inLanguage\":\"it-IT\"},{\"@type\":\"WebPage\",\"@id\":\"https:\\\/\\\/www.leganavalesulcis.it\\\/wp\\\/optimist\\\/\",\"url\":\"https:\\\/\\\/www.leganavalesulcis.it\\\/wp\\\/optimist\\\/\",\"name\":\"Optimist - Lega Navale Italiana Sezione Sulcis\",\"isPartOf\":{\"@id\":\"https:\\\/\\\/www.leganavalesulcis.it\\\/wp\\\/#website\"},\"primaryImageOfPage\":{\"@id\":\"https:\\\/\\\/www.leganavalesulcis.it\\\/wp\\\/optimist\\\/#primaryimage\"},\"image\":{\"@id\":\"https:\\\/\\\/www.leganavalesulcis.it\\\/wp\\\/optimist\\\/#primaryimage\"},\"thumbnailUrl\":\"https:\\\/\\\/www.leganavalesulcis.it\\\/wp\\\/wp-content\\\/uploads\\\/2019\\\/06\\\/optimist.jpg\",\"datePublished\":\"2019-04-02T07:46:53+00:00\",\"dateModified\":\"2019-06-23T12:57:26+00:00\",\"author\":{\"@id\":\"https:\\\/\\\/www.leganavalesulcis.it\\\/wp\\\/#\\\/schema\\\/person\\\/aa224f330972cd0dc0ca3fef5f94e2e4\"},\"breadcrumb\":{\"@id\":\"https:\\\/\\\/www.leganavalesulcis.it\\\/wp\\\/optimist\\\/#breadcrumb\"},\"inLanguage\":\"it-IT\",\"potentialAction\":[{\"@type\":\"ReadAction\",\"target\":[\"https:\\\/\\\/www.leganavalesulcis.it\\\/wp\\\/optimist\\\/\"]}]},{\"@type\":\"ImageObject\",\"inLanguage\":\"it-IT\",\"@id\":\"https:\\\/\\\/www.leganavalesulcis.it\\\/wp\\\/optimist\\\/#primaryimage\",\"url\":\"https:\\\/\\\/www.leganavalesulcis.it\\\/wp\\\/wp-content\\\/uploads\\\/2019\\\/06\\\/optimist.jpg\",\"contentUrl\":\"https:\\\/\\\/www.leganavalesulcis.it\\\/wp\\\/wp-content\\\/uploads\\\/2019\\\/06\\\/optimist.jpg\",\"width\":660,\"height\":228},{\"@type\":\"BreadcrumbList\",\"@id\":\"https:\\\/\\\/www.leganavalesulcis.it\\\/wp\\\/optimist\\\/#breadcrumb\",\"itemListElement\":[{\"@type\":\"ListItem\",\"position\":1,\"name\":\"Home\",\"item\":\"https:\\\/\\\/www.leganavalesulcis.it\\\/wp\\\/\"},{\"@type\":\"ListItem\",\"position\":2,\"name\":\"Optimist\"}]},{\"@type\":\"WebSite\",\"@id\":\"https:\\\/\\\/www.leganavalesulcis.it\\\/wp\\\/#website\",\"url\":\"https:\\\/\\\/www.leganavalesulcis.it\\\/wp\\\/\",\"name\":\"Lega Navale Italiana Sezione Sulcis\",\"description\":\"Porto Pino - Calasetta\",\"potentialAction\":[{\"@type\":\"SearchAction\",\"target\":{\"@type\":\"EntryPoint\",\"urlTemplate\":\"https:\\\/\\\/www.leganavalesulcis.it\\\/wp\\\/?s={search_term_string}\"},\"query-input\":{\"@type\":\"PropertyValueSpecification\",\"valueRequired\":true,\"valueName\":\"search_term_string\"}}],\"inLanguage\":\"it-IT\"},{\"@type\":\"Person\",\"@id\":\"https:\\\/\\\/www.leganavalesulcis.it\\\/wp\\\/#\\\/schema\\\/person\\\/aa224f330972cd0dc0ca3fef5f94e2e4\",\"name\":\"Tiziana Schiaffino\",\"url\":\"https:\\\/\\\/www.leganavalesulcis.it\\\/wp\\\/author\\\/tiziana\\\/\"}]}<\/script>\r\n<!-- \/ Yoast SEO plugin. -->","yoast_head_json":{"title":"Optimist - Lega Navale Italiana Sezione Sulcis","robots":{"index":"index","follow":"follow","max-snippet":"max-snippet:-1","max-image-preview":"max-image-preview:large","max-video-preview":"max-video-preview:-1"},"canonical":"https:\/\/www.leganavalesulcis.it\/wp\/optimist\/","og_locale":"it_IT","og_type":"article","og_title":"Optimist - Lega Navale Italiana Sezione Sulcis","og_description":"Caratteristiche tecniche Lunghezza fuori tutto 2,30 m Lunghezza al galleggiamento 2,12 m Larghezza 1,13 m Immersione con deriva 0,78 m","og_url":"https:\/\/www.leganavalesulcis.it\/wp\/optimist\/","og_site_name":"Lega Navale Italiana Sezione Sulcis","article_published_time":"2019-04-02T07:46:53+00:00","article_modified_time":"2019-06-23T12:57:26+00:00","og_image":[{"width":660,"height":228,"url":"https:\/\/www.leganavalesulcis.it\/wp\/wp-content\/uploads\/2019\/06\/optimist.jpg","type":"image\/jpeg"}],"author":"Tiziana Schiaffino","twitter_card":"summary_large_image","twitter_misc":{"Scritto da":"Tiziana Schiaffino","Tempo di lettura stimato":"1 minuto"},"schema":{"@context":"https:\/\/schema.org","@graph":[{"@type":"Article","@id":"https:\/\/www.leganavalesulcis.it\/wp\/optimist\/#article","isPartOf":{"@id":"https:\/\/www.leganavalesulcis.it\/wp\/optimist\/"},"author":{"name":"Tiziana Schiaffino","@id":"https:\/\/www.leganavalesulcis.it\/wp\/#\/schema\/person\/aa224f330972cd0dc0ca3fef5f94e2e4"},"headline":"Optimist","datePublished":"2019-04-02T07:46:53+00:00","dateModified":"2019-06-23T12:57:26+00:00","mainEntityOfPage":{"@id":"https:\/\/www.leganavalesulcis.it\/wp\/optimist\/"},"wordCount":141,"image":{"@id":"https:\/\/www.leganavalesulcis.it\/wp\/optimist\/#primaryimage"},"thumbnailUrl":"https:\/\/www.leganavalesulcis.it\/wp\/wp-content\/uploads\/2019\/06\/optimist.jpg","articleSection":["barche"],"inLanguage":"it-IT"},{"@type":"WebPage","@id":"https:\/\/www.leganavalesulcis.it\/wp\/optimist\/","url":"https:\/\/www.leganavalesulcis.it\/wp\/optimist\/","name":"Optimist - Lega Navale Italiana Sezione Sulcis","isPartOf":{"@id":"https:\/\/www.leganavalesulcis.it\/wp\/#website"},"primaryImageOfPage":{"@id":"https:\/\/www.leganavalesulcis.it\/wp\/optimist\/#primaryimage"},"image":{"@id":"https:\/\/www.leganavalesulcis.it\/wp\/optimist\/#primaryimage"},"thumbnailUrl":"https:\/\/www.leganavalesulcis.it\/wp\/wp-content\/uploads\/2019\/06\/optimist.jpg","datePublished":"2019-04-02T07:46:53+00:00","dateModified":"2019-06-23T12:57:26+00:00","author":{"@id":"https:\/\/www.leganavalesulcis.it\/wp\/#\/schema\/person\/aa224f330972cd0dc0ca3fef5f94e2e4"},"breadcrumb":{"@id":"https:\/\/www.leganavalesulcis.it\/wp\/optimist\/#breadcrumb"},"inLanguage":"it-IT","potentialAction":[{"@type":"ReadAction","target":["https:\/\/www.leganavalesulcis.it\/wp\/optimist\/"]}]},{"@type":"ImageObject","inLanguage":"it-IT","@id":"https:\/\/www.leganavalesulcis.it\/wp\/optimist\/#primaryimage","url":"https:\/\/www.leganavalesulcis.it\/wp\/wp-content\/uploads\/2019\/06\/optimist.jpg","contentUrl":"https:\/\/www.leganavalesulcis.it\/wp\/wp-content\/uploads\/2019\/06\/optimist.jpg","width":660,"height":228},{"@type":"BreadcrumbList","@id":"https:\/\/www.leganavalesulcis.it\/wp\/optimist\/#breadcrumb","itemListElement":[{"@type":"ListItem","position":1,"name":"Home","item":"https:\/\/www.leganavalesulcis.it\/wp\/"},{"@type":"ListItem","position":2,"name":"Optimist"}]},{"@type":"WebSite","@id":"https:\/\/www.leganavalesulcis.it\/wp\/#website","url":"https:\/\/www.leganavalesulcis.it\/wp\/","name":"Lega Navale Italiana Sezione Sulcis","description":"Porto Pino - Calasetta","potentialAction":[{"@type":"SearchAction","target":{"@type":"EntryPoint","urlTemplate":"https:\/\/www.leganavalesulcis.it\/wp\/?s={search_term_string}"},"query-input":{"@type":"PropertyValueSpecification","valueRequired":true,"valueName":"search_term_string"}}],"inLanguage":"it-IT"},{"@type":"Person","@id":"https:\/\/www.leganavalesulcis.it\/wp\/#\/schema\/person\/aa224f330972cd0dc0ca3fef5f94e2e4","name":"Tiziana Schiaffino","url":"https:\/\/www.leganavalesulcis.it\/wp\/author\/tiziana\/"}]}},"jetpack_featured_media_url":"https:\/\/www.leganavalesulcis.it\/wp\/wp-content\/uploads\/2019\/06\/optimist.jpg","jetpack_sharing_enabled":true,"jetpack_shortlink":"https:\/\/wp.me\/saRkGJ-optimist","jetpack_likes_enabled":true,"_links":{"self":[{"href":"https:\/\/www.leganavalesulcis.it\/wp\/wp-json\/wp\/v2\/posts\/278","targetHints":{"allow":["GET"]}}],"collection":[{"href":"https:\/\/www.leganavalesulcis.it\/wp\/wp-json\/wp\/v2\/posts"}],"about":[{"href":"https:\/\/www.leganavalesulcis.it\/wp\/wp-json\/wp\/v2\/types\/post"}],"author":[{"embeddable":true,"href":"https:\/\/www.leganavalesulcis.it\/wp\/wp-json\/wp\/v2\/users\/2"}],"replies":[{"embeddable":true,"href":"https:\/\/www.leganavalesulcis.it\/wp\/wp-json\/wp\/v2\/comments?post=278"}],"version-history":[{"count":0,"href":"https:\/\/www.leganavalesulcis.it\/wp\/wp-json\/wp\/v2\/posts\/278\/revisions"}],"wp:featuredmedia":[{"embeddable":true,"href":"https:\/\/www.leganavalesulcis.it\/wp\/wp-json\/wp\/v2\/media\/280"}],"wp:attachment":[{"href":"https:\/\/www.leganavalesulcis.it\/wp\/wp-json\/wp\/v2\/media?parent=278"}],"wp:term":[{"taxonomy":"category","embeddable":true,"href":"https:\/\/www.leganavalesulcis.it\/wp\/wp-json\/wp\/v2\/categories?post=278"},{"taxonomy":"post_tag","embeddable":true,"href":"https:\/\/www.leganavalesulcis.it\/wp\/wp-json\/wp\/v2\/tags?post=278"}],"curies":[{"name":"wp","href":"https:\/\/api.w.org\/{rel}","templated":true}]}}