{"id":3363,"date":"2024-06-01T16:31:05","date_gmt":"2024-06-01T14:31:05","guid":{"rendered":"http:\/\/www.leganavalesulcis.it\/wp\/?p=3363"},"modified":"2025-05-09T16:54:05","modified_gmt":"2025-05-09T14:54:05","slug":"veladay-calasetta-e-portopino","status":"publish","type":"post","link":"https:\/\/www.leganavalesulcis.it\/wp\/veladay-calasetta-e-portopino\/","title":{"rendered":"VelaDay &#8211; Calasetta e PortoPino"},"content":{"rendered":"\n<p>nel 2024 il vela day per voi \u00e8 fatto di ben 3 giorni!!<\/p>\n\n\n\n<p>Conclusione del Veladay 2024 a Porto Pino e Calasetta<\/p>\n\n\n\n<p>Con grande gioia e soddisfazione annunciamo la conclusione del Veladay di quest&#8217;anno, che si \u00e8 svolto con successo dal 31 maggio al 2 giugno nelle splendide localit\u00e0 di Porto Pino e Calasetta.<\/p>\n\n\n\n<p>Sono stati tre giorni intensi e indimenticabili, caratterizzati da una partecipazione straordinaria e da un entusiasmo contagioso che ha reso questa edizione davvero speciale.<\/p>\n\n\n\n<p>Grazie alla collaborazione di tutti, siamo riusciti a creare un&#8217;atmosfera dove i partecipanti hanno potuto avvicinarsi al meraviglioso mondo della vela, imparare nuove tecniche, fare nuove amicizie e condividere momenti di pura magia sull&#8217;acqua.<\/p>\n\n\n\n<p><strong><em>Porto Pino<\/em><\/strong>: Le acque cristalline e i venti favorevoli hanno regalato giornate perfette per regate emozionanti e attivit\u00e0 didattiche coinvolgenti. Un ringraziamento speciale va agli istruttori e ai volontari che hanno garantito sicurezza e divertimento per tutti.<\/p>\n\n\n\n<p><strong><em>Calasetta<\/em><\/strong>: La cornice incantevole e la calorosa ospitalit\u00e0 della comunit\u00e0 locale hanno reso ogni evento un successo. Dalle attivit\u00e0 per principianti alle gare per i pi\u00f9 esperti, ogni partecipante ha potuto vivere l&#8217;esperienza unica della vela in un ambiente accogliente e stimolante.<\/p>\n\n\n\n<p>Un sincero ringraziamento va a tutti i partecipanti, ai nostri sponsor e partner, e a chi ha lavorato dietro le quinte per organizzare ogni dettaglio. Senza di voi, il <strong><em>Veladay <\/em><\/strong>non sarebbe possibile.<\/p>\n\n\n\n<p>Concludiamo questa edizione con il cuore pieno di gratitudine e con la promessa di tornare il prossimo anno con ancora pi\u00f9 entusiasmo e sorprese. Continuate a seguire le nostre pagine per rimanere aggiornati su tutte le novit\u00e0 del mondo della vela e sui prossimi eventi.<\/p>\n\n\n\n<p>Arrivederci al prossimo Veladay, e buon vento a tutti! <\/p>\n\n\n\n<div class=\"wp-block-media-text has-media-on-the-right is-stacked-on-mobile\"><div class=\"wp-block-media-text__content\">\n<h2 class=\"wp-block-heading\">cos&#8217;\u00e8 il VelaDay?<\/h2>\n\n\n\n<h2 class=\"wp-block-heading\">31 maggio, 1 e 2 giugno<\/h2>\n\n\n\n<p>Il Vela Day \u00e8 l&#8217;occasione che la <a href=\"https:\/\/www.federvela.it\/news\/3691-vela-day-2024-iscrizioni-aperte-per-il-consueto-appuntamento-che-si-rinnova-anche-quest%E2%80%99anno.html\">FIV &#8211; federazione italiana vela<\/a> ci offre ogni anno per permettere a tutti di provare LA VELA gratuitamente e senza stress! Vorresti regalare a tuo figlio o a tuo nipote un&#8217;esperienza estiva indimenticabile ma non sai se pu\u00f2 piacergli? Il Vela Day \u00e8 l&#8217;occasione che stai cercando! <strong>Non sei in Sardegna?<\/strong> Puoi prenotare l&#8217;esperienza in tutta Italia! Scorri la pagina in basso e troverai il link all&#8217;<strong>elenco dei circoli che organizzano il Vela Day<\/strong>!<\/p>\n\n\n\n<p>Nel 2024 il Vela Day si svolger\u00e0 dal 31 MAGGIO AL 2 GIUGNO!<\/p>\n\n\n\n<p><\/p>\n<\/div><figure class=\"wp-block-media-text__media\"><img loading=\"lazy\" decoding=\"async\" width=\"724\" height=\"1024\" src=\"https:\/\/www.leganavalesulcis.it\/wp\/wp-content\/uploads\/2024\/06\/locandina_VelaDay2025-lni-sulcis-724x1024.jpg\" alt=\"\" class=\"wp-image-4266 size-full\" srcset=\"https:\/\/www.leganavalesulcis.it\/wp\/wp-content\/uploads\/2024\/06\/locandina_VelaDay2025-lni-sulcis-724x1024.jpg 724w, https:\/\/www.leganavalesulcis.it\/wp\/wp-content\/uploads\/2024\/06\/locandina_VelaDay2025-lni-sulcis-212x300.jpg 212w, https:\/\/www.leganavalesulcis.it\/wp\/wp-content\/uploads\/2024\/06\/locandina_VelaDay2025-lni-sulcis-768x1086.jpg 768w, https:\/\/www.leganavalesulcis.it\/wp\/wp-content\/uploads\/2024\/06\/locandina_VelaDay2025-lni-sulcis-1086x1536.jpg 1086w, https:\/\/www.leganavalesulcis.it\/wp\/wp-content\/uploads\/2024\/06\/locandina_VelaDay2025-lni-sulcis-1448x2048.jpg 1448w, https:\/\/www.leganavalesulcis.it\/wp\/wp-content\/uploads\/2024\/06\/locandina_VelaDay2025-lni-sulcis.jpg 1653w\" sizes=\"auto, (max-width: 724px) 100vw, 724px\" \/><\/figure><\/div>\n\n\n\n<p>ecco le foto delle giornate svolte a Calasetta e a Porto Pino<\/p>\n\n\n\n<figure class=\"wp-block-gallery has-nested-images columns-default is-cropped wp-block-gallery-1 is-layout-flex wp-block-gallery-is-layout-flex\">\n<figure class=\"wp-block-image size-large\"><a href=\"https:\/\/photos.app.goo.gl\/bRRdSFh8sUtT2WSf6\" target=\"_blank\" rel=\"noreferrer noopener\"><img loading=\"lazy\" decoding=\"async\" width=\"1024\" height=\"511\" data-id=\"3365\" src=\"https:\/\/www.leganavalesulcis.it\/wp\/wp-content\/uploads\/2024\/06\/image-1-1024x511.png\" alt=\"\" class=\"wp-image-3365\" srcset=\"https:\/\/www.leganavalesulcis.it\/wp\/wp-content\/uploads\/2024\/06\/image-1-1024x511.png 1024w, https:\/\/www.leganavalesulcis.it\/wp\/wp-content\/uploads\/2024\/06\/image-1-300x150.png 300w, https:\/\/www.leganavalesulcis.it\/wp\/wp-content\/uploads\/2024\/06\/image-1-768x383.png 768w, https:\/\/www.leganavalesulcis.it\/wp\/wp-content\/uploads\/2024\/06\/image-1.png 1158w\" sizes=\"auto, (max-width: 1024px) 100vw, 1024px\" \/><\/a><figcaption class=\"wp-element-caption\">2024 &#8211; VelaDay &#8211; PortoPino<\/figcaption><\/figure>\n\n\n\n<figure class=\"wp-block-image size-large\"><a href=\"https:\/\/photos.app.goo.gl\/HkdELv4fodEsFPi36\" target=\"_blank\" rel=\"noreferrer noopener\"><img loading=\"lazy\" decoding=\"async\" width=\"1024\" height=\"542\" data-id=\"3364\" src=\"https:\/\/www.leganavalesulcis.it\/wp\/wp-content\/uploads\/2024\/06\/image-1024x542.png\" alt=\"\" class=\"wp-image-3364\" srcset=\"https:\/\/www.leganavalesulcis.it\/wp\/wp-content\/uploads\/2024\/06\/image-1024x542.png 1024w, https:\/\/www.leganavalesulcis.it\/wp\/wp-content\/uploads\/2024\/06\/image-300x159.png 300w, https:\/\/www.leganavalesulcis.it\/wp\/wp-content\/uploads\/2024\/06\/image-768x406.png 768w, https:\/\/www.leganavalesulcis.it\/wp\/wp-content\/uploads\/2024\/06\/image-390x205.png 390w, https:\/\/www.leganavalesulcis.it\/wp\/wp-content\/uploads\/2024\/06\/image.png 1164w\" sizes=\"auto, (max-width: 1024px) 100vw, 1024px\" \/><\/a><figcaption class=\"wp-element-caption\">2024 &#8211; VelaDay &#8211; Calasetta<\/figcaption><\/figure>\n<\/figure>\n\n\n\n<p><a href=\"https:\/\/www.leganavalesulcis.it\/wp\/vela-day-fiv\/\">vedi le edizioni prededenti<\/a><\/p>\n","protected":false},"excerpt":{"rendered":"<p>nel 2024 il vela day per voi \u00e8 fatto di ben 3 giorni!! Conclusione del Veladay 2024 a Porto Pino<\/p>\n","protected":false},"author":2,"featured_media":3383,"comment_status":"closed","ping_status":"closed","sticky":false,"template":"","format":"standard","meta":{"colormag_page_container_layout":"default_layout","colormag_page_sidebar_layout":"default_layout","jetpack_post_was_ever_published":false,"_jetpack_newsletter_access":"","_jetpack_dont_email_post_to_subs":false,"_jetpack_newsletter_tier_id":0,"_jetpack_memberships_contains_paywalled_content":false,"_jetpack_memberships_contains_paid_content":false,"footnotes":""},"categories":[3,16,5],"tags":[],"class_list":["post-3363","post","type-post","status-publish","format-standard","has-post-thumbnail","hentry","category-attivita","category-scuola-vela","category-notizie"],"yoast_head":"<!-- This site is optimized with the Yoast SEO plugin v27.5 - https:\/\/yoast.com\/product\/yoast-seo-wordpress\/ -->\r\n<title>VelaDay - Calasetta e PortoPino - Lega Navale Italiana Sezione Sulcis<\/title>\r\n<meta name=\"robots\" content=\"index, follow, max-snippet:-1, max-image-preview:large, max-video-preview:-1\" \/>\r\n<link rel=\"canonical\" href=\"https:\/\/www.leganavalesulcis.it\/wp\/veladay-calasetta-e-portopino\/\" \/>\r\n<meta property=\"og:locale\" content=\"it_IT\" \/>\r\n<meta property=\"og:type\" content=\"article\" \/>\r\n<meta property=\"og:title\" content=\"VelaDay - Calasetta e PortoPino - Lega Navale Italiana Sezione Sulcis\" \/>\r\n<meta property=\"og:description\" content=\"nel 2024 il vela day per voi \u00e8 fatto di ben 3 giorni!! Conclusione del Veladay 2024 a Porto Pino\" \/>\r\n<meta property=\"og:url\" content=\"https:\/\/www.leganavalesulcis.it\/wp\/veladay-calasetta-e-portopino\/\" \/>\r\n<meta property=\"og:site_name\" content=\"Lega Navale Italiana Sezione Sulcis\" \/>\r\n<meta property=\"article:published_time\" content=\"2024-06-01T14:31:05+00:00\" \/>\r\n<meta property=\"article:modified_time\" content=\"2025-05-09T14:54:05+00:00\" \/>\r\n<meta property=\"og:image\" content=\"https:\/\/www.leganavalesulcis.it\/wp\/wp-content\/uploads\/2024\/06\/vela-day800-445.jpg\" \/>\r\n\t<meta property=\"og:image:width\" content=\"1866\" \/>\r\n\t<meta property=\"og:image:height\" content=\"1038\" \/>\r\n\t<meta property=\"og:image:type\" content=\"image\/jpeg\" \/>\r\n<meta name=\"author\" content=\"Tiziana Schiaffino\" \/>\r\n<meta name=\"twitter:card\" content=\"summary_large_image\" \/>\r\n<meta name=\"twitter:label1\" content=\"Scritto da\" \/>\n\t<meta name=\"twitter:data1\" content=\"Tiziana Schiaffino\" \/>\n\t<meta name=\"twitter:label2\" content=\"Tempo di lettura stimato\" \/>\n\t<meta name=\"twitter:data2\" content=\"3 minuti\" \/>\r\n<script type=\"application\/ld+json\" class=\"yoast-schema-graph\">{\"@context\":\"https:\\\/\\\/schema.org\",\"@graph\":[{\"@type\":\"Article\",\"@id\":\"https:\\\/\\\/www.leganavalesulcis.it\\\/wp\\\/veladay-calasetta-e-portopino\\\/#article\",\"isPartOf\":{\"@id\":\"https:\\\/\\\/www.leganavalesulcis.it\\\/wp\\\/veladay-calasetta-e-portopino\\\/\"},\"author\":{\"name\":\"Tiziana Schiaffino\",\"@id\":\"https:\\\/\\\/www.leganavalesulcis.it\\\/wp\\\/#\\\/schema\\\/person\\\/aa224f330972cd0dc0ca3fef5f94e2e4\"},\"headline\":\"VelaDay &#8211; Calasetta e PortoPino\",\"datePublished\":\"2024-06-01T14:31:05+00:00\",\"dateModified\":\"2025-05-09T14:54:05+00:00\",\"mainEntityOfPage\":{\"@id\":\"https:\\\/\\\/www.leganavalesulcis.it\\\/wp\\\/veladay-calasetta-e-portopino\\\/\"},\"wordCount\":404,\"image\":{\"@id\":\"https:\\\/\\\/www.leganavalesulcis.it\\\/wp\\\/veladay-calasetta-e-portopino\\\/#primaryimage\"},\"thumbnailUrl\":\"https:\\\/\\\/www.leganavalesulcis.it\\\/wp\\\/wp-content\\\/uploads\\\/2024\\\/06\\\/vela-day800-445.jpg\",\"articleSection\":[\"attivit\u00e0\",\"ATTIVITA' ESTIVE - scuola vela\",\"notizie\"],\"inLanguage\":\"it-IT\"},{\"@type\":\"WebPage\",\"@id\":\"https:\\\/\\\/www.leganavalesulcis.it\\\/wp\\\/veladay-calasetta-e-portopino\\\/\",\"url\":\"https:\\\/\\\/www.leganavalesulcis.it\\\/wp\\\/veladay-calasetta-e-portopino\\\/\",\"name\":\"VelaDay - Calasetta e PortoPino - Lega Navale Italiana Sezione Sulcis\",\"isPartOf\":{\"@id\":\"https:\\\/\\\/www.leganavalesulcis.it\\\/wp\\\/#website\"},\"primaryImageOfPage\":{\"@id\":\"https:\\\/\\\/www.leganavalesulcis.it\\\/wp\\\/veladay-calasetta-e-portopino\\\/#primaryimage\"},\"image\":{\"@id\":\"https:\\\/\\\/www.leganavalesulcis.it\\\/wp\\\/veladay-calasetta-e-portopino\\\/#primaryimage\"},\"thumbnailUrl\":\"https:\\\/\\\/www.leganavalesulcis.it\\\/wp\\\/wp-content\\\/uploads\\\/2024\\\/06\\\/vela-day800-445.jpg\",\"datePublished\":\"2024-06-01T14:31:05+00:00\",\"dateModified\":\"2025-05-09T14:54:05+00:00\",\"author\":{\"@id\":\"https:\\\/\\\/www.leganavalesulcis.it\\\/wp\\\/#\\\/schema\\\/person\\\/aa224f330972cd0dc0ca3fef5f94e2e4\"},\"breadcrumb\":{\"@id\":\"https:\\\/\\\/www.leganavalesulcis.it\\\/wp\\\/veladay-calasetta-e-portopino\\\/#breadcrumb\"},\"inLanguage\":\"it-IT\",\"potentialAction\":[{\"@type\":\"ReadAction\",\"target\":[\"https:\\\/\\\/www.leganavalesulcis.it\\\/wp\\\/veladay-calasetta-e-portopino\\\/\"]}]},{\"@type\":\"ImageObject\",\"inLanguage\":\"it-IT\",\"@id\":\"https:\\\/\\\/www.leganavalesulcis.it\\\/wp\\\/veladay-calasetta-e-portopino\\\/#primaryimage\",\"url\":\"https:\\\/\\\/www.leganavalesulcis.it\\\/wp\\\/wp-content\\\/uploads\\\/2024\\\/06\\\/vela-day800-445.jpg\",\"contentUrl\":\"https:\\\/\\\/www.leganavalesulcis.it\\\/wp\\\/wp-content\\\/uploads\\\/2024\\\/06\\\/vela-day800-445.jpg\",\"width\":1866,\"height\":1038},{\"@type\":\"BreadcrumbList\",\"@id\":\"https:\\\/\\\/www.leganavalesulcis.it\\\/wp\\\/veladay-calasetta-e-portopino\\\/#breadcrumb\",\"itemListElement\":[{\"@type\":\"ListItem\",\"position\":1,\"name\":\"Home\",\"item\":\"https:\\\/\\\/www.leganavalesulcis.it\\\/wp\\\/\"},{\"@type\":\"ListItem\",\"position\":2,\"name\":\"VelaDay &#8211; Calasetta e PortoPino\"}]},{\"@type\":\"WebSite\",\"@id\":\"https:\\\/\\\/www.leganavalesulcis.it\\\/wp\\\/#website\",\"url\":\"https:\\\/\\\/www.leganavalesulcis.it\\\/wp\\\/\",\"name\":\"Lega Navale Italiana Sezione Sulcis\",\"description\":\"Porto Pino - Calasetta\",\"potentialAction\":[{\"@type\":\"SearchAction\",\"target\":{\"@type\":\"EntryPoint\",\"urlTemplate\":\"https:\\\/\\\/www.leganavalesulcis.it\\\/wp\\\/?s={search_term_string}\"},\"query-input\":{\"@type\":\"PropertyValueSpecification\",\"valueRequired\":true,\"valueName\":\"search_term_string\"}}],\"inLanguage\":\"it-IT\"},{\"@type\":\"Person\",\"@id\":\"https:\\\/\\\/www.leganavalesulcis.it\\\/wp\\\/#\\\/schema\\\/person\\\/aa224f330972cd0dc0ca3fef5f94e2e4\",\"name\":\"Tiziana Schiaffino\",\"url\":\"https:\\\/\\\/www.leganavalesulcis.it\\\/wp\\\/author\\\/tiziana\\\/\"}]}<\/script>\r\n<!-- \/ Yoast SEO plugin. -->","yoast_head_json":{"title":"VelaDay - Calasetta e PortoPino - Lega Navale Italiana Sezione Sulcis","robots":{"index":"index","follow":"follow","max-snippet":"max-snippet:-1","max-image-preview":"max-image-preview:large","max-video-preview":"max-video-preview:-1"},"canonical":"https:\/\/www.leganavalesulcis.it\/wp\/veladay-calasetta-e-portopino\/","og_locale":"it_IT","og_type":"article","og_title":"VelaDay - Calasetta e PortoPino - Lega Navale Italiana Sezione Sulcis","og_description":"nel 2024 il vela day per voi \u00e8 fatto di ben 3 giorni!! Conclusione del Veladay 2024 a Porto Pino","og_url":"https:\/\/www.leganavalesulcis.it\/wp\/veladay-calasetta-e-portopino\/","og_site_name":"Lega Navale Italiana Sezione Sulcis","article_published_time":"2024-06-01T14:31:05+00:00","article_modified_time":"2025-05-09T14:54:05+00:00","og_image":[{"width":1866,"height":1038,"url":"https:\/\/www.leganavalesulcis.it\/wp\/wp-content\/uploads\/2024\/06\/vela-day800-445.jpg","type":"image\/jpeg"}],"author":"Tiziana Schiaffino","twitter_card":"summary_large_image","twitter_misc":{"Scritto da":"Tiziana Schiaffino","Tempo di lettura stimato":"3 minuti"},"schema":{"@context":"https:\/\/schema.org","@graph":[{"@type":"Article","@id":"https:\/\/www.leganavalesulcis.it\/wp\/veladay-calasetta-e-portopino\/#article","isPartOf":{"@id":"https:\/\/www.leganavalesulcis.it\/wp\/veladay-calasetta-e-portopino\/"},"author":{"name":"Tiziana Schiaffino","@id":"https:\/\/www.leganavalesulcis.it\/wp\/#\/schema\/person\/aa224f330972cd0dc0ca3fef5f94e2e4"},"headline":"VelaDay &#8211; Calasetta e PortoPino","datePublished":"2024-06-01T14:31:05+00:00","dateModified":"2025-05-09T14:54:05+00:00","mainEntityOfPage":{"@id":"https:\/\/www.leganavalesulcis.it\/wp\/veladay-calasetta-e-portopino\/"},"wordCount":404,"image":{"@id":"https:\/\/www.leganavalesulcis.it\/wp\/veladay-calasetta-e-portopino\/#primaryimage"},"thumbnailUrl":"https:\/\/www.leganavalesulcis.it\/wp\/wp-content\/uploads\/2024\/06\/vela-day800-445.jpg","articleSection":["attivit\u00e0","ATTIVITA' ESTIVE - scuola vela","notizie"],"inLanguage":"it-IT"},{"@type":"WebPage","@id":"https:\/\/www.leganavalesulcis.it\/wp\/veladay-calasetta-e-portopino\/","url":"https:\/\/www.leganavalesulcis.it\/wp\/veladay-calasetta-e-portopino\/","name":"VelaDay - Calasetta e PortoPino - Lega Navale Italiana Sezione Sulcis","isPartOf":{"@id":"https:\/\/www.leganavalesulcis.it\/wp\/#website"},"primaryImageOfPage":{"@id":"https:\/\/www.leganavalesulcis.it\/wp\/veladay-calasetta-e-portopino\/#primaryimage"},"image":{"@id":"https:\/\/www.leganavalesulcis.it\/wp\/veladay-calasetta-e-portopino\/#primaryimage"},"thumbnailUrl":"https:\/\/www.leganavalesulcis.it\/wp\/wp-content\/uploads\/2024\/06\/vela-day800-445.jpg","datePublished":"2024-06-01T14:31:05+00:00","dateModified":"2025-05-09T14:54:05+00:00","author":{"@id":"https:\/\/www.leganavalesulcis.it\/wp\/#\/schema\/person\/aa224f330972cd0dc0ca3fef5f94e2e4"},"breadcrumb":{"@id":"https:\/\/www.leganavalesulcis.it\/wp\/veladay-calasetta-e-portopino\/#breadcrumb"},"inLanguage":"it-IT","potentialAction":[{"@type":"ReadAction","target":["https:\/\/www.leganavalesulcis.it\/wp\/veladay-calasetta-e-portopino\/"]}]},{"@type":"ImageObject","inLanguage":"it-IT","@id":"https:\/\/www.leganavalesulcis.it\/wp\/veladay-calasetta-e-portopino\/#primaryimage","url":"https:\/\/www.leganavalesulcis.it\/wp\/wp-content\/uploads\/2024\/06\/vela-day800-445.jpg","contentUrl":"https:\/\/www.leganavalesulcis.it\/wp\/wp-content\/uploads\/2024\/06\/vela-day800-445.jpg","width":1866,"height":1038},{"@type":"BreadcrumbList","@id":"https:\/\/www.leganavalesulcis.it\/wp\/veladay-calasetta-e-portopino\/#breadcrumb","itemListElement":[{"@type":"ListItem","position":1,"name":"Home","item":"https:\/\/www.leganavalesulcis.it\/wp\/"},{"@type":"ListItem","position":2,"name":"VelaDay &#8211; Calasetta e PortoPino"}]},{"@type":"WebSite","@id":"https:\/\/www.leganavalesulcis.it\/wp\/#website","url":"https:\/\/www.leganavalesulcis.it\/wp\/","name":"Lega Navale Italiana Sezione Sulcis","description":"Porto Pino - Calasetta","potentialAction":[{"@type":"SearchAction","target":{"@type":"EntryPoint","urlTemplate":"https:\/\/www.leganavalesulcis.it\/wp\/?s={search_term_string}"},"query-input":{"@type":"PropertyValueSpecification","valueRequired":true,"valueName":"search_term_string"}}],"inLanguage":"it-IT"},{"@type":"Person","@id":"https:\/\/www.leganavalesulcis.it\/wp\/#\/schema\/person\/aa224f330972cd0dc0ca3fef5f94e2e4","name":"Tiziana Schiaffino","url":"https:\/\/www.leganavalesulcis.it\/wp\/author\/tiziana\/"}]}},"jetpack_featured_media_url":"https:\/\/www.leganavalesulcis.it\/wp\/wp-content\/uploads\/2024\/06\/vela-day800-445.jpg","jetpack_sharing_enabled":true,"jetpack_shortlink":"https:\/\/wp.me\/paRkGJ-Sf","jetpack_likes_enabled":true,"_links":{"self":[{"href":"https:\/\/www.leganavalesulcis.it\/wp\/wp-json\/wp\/v2\/posts\/3363","targetHints":{"allow":["GET"]}}],"collection":[{"href":"https:\/\/www.leganavalesulcis.it\/wp\/wp-json\/wp\/v2\/posts"}],"about":[{"href":"https:\/\/www.leganavalesulcis.it\/wp\/wp-json\/wp\/v2\/types\/post"}],"author":[{"embeddable":true,"href":"https:\/\/www.leganavalesulcis.it\/wp\/wp-json\/wp\/v2\/users\/2"}],"replies":[{"embeddable":true,"href":"https:\/\/www.leganavalesulcis.it\/wp\/wp-json\/wp\/v2\/comments?post=3363"}],"version-history":[{"count":13,"href":"https:\/\/www.leganavalesulcis.it\/wp\/wp-json\/wp\/v2\/posts\/3363\/revisions"}],"predecessor-version":[{"id":4267,"href":"https:\/\/www.leganavalesulcis.it\/wp\/wp-json\/wp\/v2\/posts\/3363\/revisions\/4267"}],"wp:featuredmedia":[{"embeddable":true,"href":"https:\/\/www.leganavalesulcis.it\/wp\/wp-json\/wp\/v2\/media\/3383"}],"wp:attachment":[{"href":"https:\/\/www.leganavalesulcis.it\/wp\/wp-json\/wp\/v2\/media?parent=3363"}],"wp:term":[{"taxonomy":"category","embeddable":true,"href":"https:\/\/www.leganavalesulcis.it\/wp\/wp-json\/wp\/v2\/categories?post=3363"},{"taxonomy":"post_tag","embeddable":true,"href":"https:\/\/www.leganavalesulcis.it\/wp\/wp-json\/wp\/v2\/tags?post=3363"}],"curies":[{"name":"wp","href":"https:\/\/api.w.org\/{rel}","templated":true}]}}