{"id":4231,"date":"2025-05-03T19:42:37","date_gmt":"2025-05-03T17:42:37","guid":{"rendered":"https:\/\/www.leganavalesulcis.it\/wp\/?p=4231"},"modified":"2025-05-03T19:51:43","modified_gmt":"2025-05-03T17:51:43","slug":"i-nostri-atleti-piu-grandi-al-campionato-team-race-rs21-a-porto-rotondo","status":"publish","type":"post","link":"https:\/\/www.leganavalesulcis.it\/wp\/i-nostri-atleti-piu-grandi-al-campionato-team-race-rs21-a-porto-rotondo\/","title":{"rendered":"I nostri atleti pi\u00f9 grandi al Campionato Team Race RS21 a Porto Rotondo"},"content":{"rendered":"\n<p>Questo fine settimana, le acque cristalline di Porto Rotondo fanno da cornice al <em>Campionato di Team Race<\/em> della classe RS21, organizzato dal Circolo Nox Oceani, uno degli appuntamenti pi\u00f9 attesi della stagione per gli appassionati di vela a squadre.<\/p>\n\n\n\n<p>La Lega Navale Italiana Sulcis \u00e8 orgogliosa di vedere impegnati in questa regata i propri atleti pi\u00f9 grandi, che partecipano in due team misti distinti, portando con s\u00e9 esperienza, spirito di squadra e passione per la vela. Il format della <em>team race<\/em>, che prevede sfide tattiche serrate tra equipaggi, rappresenta un\u2019importante occasione di crescita sportiva e umana per i nostri ragazzi, che stanno affrontando regate combattute con determinazione e grande affiatamento.<\/p>\n\n\n\n<p>Sotto la guida di un\u2019organizzazione impeccabile e in un contesto tecnico e paesaggistico d\u2019eccellenza, i nostri velisti stanno dimostrando quanto la formazione ricevuta in questi anni sia solida, non solo dal punto di vista tecnico, ma anche nella capacit\u00e0 di collaborare, comunicare e affrontare le difficolt\u00e0 in mare con lucidit\u00e0 e rispetto per gli avversari.<\/p>\n\n\n\n<p>Seguiamo con entusiasmo l\u2019evolversi delle prove e facciamo il tifo per tutti gli atleti in gara, con un pizzico di orgoglio in pi\u00f9 per chi indossa, anche da lontano, i colori della LNI Sulcis.<\/p>\n\n\n\n<p>segui la pagina <a href=\"https:\/\/www.instagram.com\/nox_oceani\/\">Instagram di NOX Oceani <\/a>per tutti gli aggiornamenti!<\/p>\n\n\n\n<p>ecco alcune foto tratte dal profilo <a href=\"https:\/\/www.facebook.com\/noxoceaniteam\">Facebook di NOX Oceani<\/a><\/p>\n\n\n\n<div class=\"wp-block-jetpack-tiled-gallery aligncenter is-style-rectangular\"><div class=\"\"><div class=\"tiled-gallery__gallery\"><div class=\"tiled-gallery__row\"><div class=\"tiled-gallery__col\" style=\"flex-basis:66.77827%\"><figure class=\"tiled-gallery__item\"><img decoding=\"async\" srcset=\"https:\/\/i0.wp.com\/www.leganavalesulcis.it\/wp\/wp-content\/uploads\/2025\/05\/491445703_17953586126951683_4666770931186748650_n-1024x683.jpg?strip=info&#038;w=600&#038;ssl=1 600w,https:\/\/i0.wp.com\/www.leganavalesulcis.it\/wp\/wp-content\/uploads\/2025\/05\/491445703_17953586126951683_4666770931186748650_n-1024x683.jpg?strip=info&#038;w=900&#038;ssl=1 900w,https:\/\/i0.wp.com\/www.leganavalesulcis.it\/wp\/wp-content\/uploads\/2025\/05\/491445703_17953586126951683_4666770931186748650_n-1024x683.jpg?strip=info&#038;w=1200&#038;ssl=1 1200w,https:\/\/i0.wp.com\/www.leganavalesulcis.it\/wp\/wp-content\/uploads\/2025\/05\/491445703_17953586126951683_4666770931186748650_n-1024x683.jpg?strip=info&#038;w=1440&#038;ssl=1 1440w\" alt=\"\" data-height=\"960\" data-id=\"4238\" data-link=\"https:\/\/www.leganavalesulcis.it\/wp\/i-nostri-atleti-piu-grandi-al-campionato-team-race-rs21-a-porto-rotondo\/491445703_17953586126951683_4666770931186748650_n\/\" data-url=\"https:\/\/www.leganavalesulcis.it\/wp\/wp-content\/uploads\/2025\/05\/491445703_17953586126951683_4666770931186748650_n-1024x683.jpg\" data-width=\"1440\" src=\"https:\/\/i0.wp.com\/www.leganavalesulcis.it\/wp\/wp-content\/uploads\/2025\/05\/491445703_17953586126951683_4666770931186748650_n-1024x683.jpg?ssl=1\" data-amp-layout=\"responsive\" tabindex=\"0\" role=\"button\" aria-label=\"Apri immagine 1 di 11 a schermo intero\"\/><\/figure><\/div><div class=\"tiled-gallery__col\" style=\"flex-basis:33.22173%\"><figure class=\"tiled-gallery__item\"><img decoding=\"async\" srcset=\"https:\/\/i0.wp.com\/www.leganavalesulcis.it\/wp\/wp-content\/uploads\/2025\/05\/491446023_17953402937951683_4634500401979897381_n-1024x683.jpg?strip=info&#038;w=600&#038;ssl=1 600w,https:\/\/i0.wp.com\/www.leganavalesulcis.it\/wp\/wp-content\/uploads\/2025\/05\/491446023_17953402937951683_4634500401979897381_n-1024x683.jpg?strip=info&#038;w=900&#038;ssl=1 900w,https:\/\/i0.wp.com\/www.leganavalesulcis.it\/wp\/wp-content\/uploads\/2025\/05\/491446023_17953402937951683_4634500401979897381_n-1024x683.jpg?strip=info&#038;w=1200&#038;ssl=1 1200w,https:\/\/i0.wp.com\/www.leganavalesulcis.it\/wp\/wp-content\/uploads\/2025\/05\/491446023_17953402937951683_4634500401979897381_n-1024x683.jpg?strip=info&#038;w=1440&#038;ssl=1 1440w\" alt=\"\" data-height=\"960\" data-id=\"4236\" data-link=\"https:\/\/www.leganavalesulcis.it\/wp\/i-nostri-atleti-piu-grandi-al-campionato-team-race-rs21-a-porto-rotondo\/491446023_17953402937951683_4634500401979897381_n\/\" data-url=\"https:\/\/www.leganavalesulcis.it\/wp\/wp-content\/uploads\/2025\/05\/491446023_17953402937951683_4634500401979897381_n-1024x683.jpg\" data-width=\"1440\" src=\"https:\/\/i0.wp.com\/www.leganavalesulcis.it\/wp\/wp-content\/uploads\/2025\/05\/491446023_17953402937951683_4634500401979897381_n-1024x683.jpg?ssl=1\" data-amp-layout=\"responsive\" tabindex=\"0\" role=\"button\" aria-label=\"Apri immagine 2 di 11 a schermo intero\"\/><\/figure><figure class=\"tiled-gallery__item\"><img decoding=\"async\" srcset=\"https:\/\/i0.wp.com\/www.leganavalesulcis.it\/wp\/wp-content\/uploads\/2025\/05\/494428173_17953700309951683_5508067136593227322_n-1024x684.jpg?strip=info&#038;w=600&#038;ssl=1 600w,https:\/\/i0.wp.com\/www.leganavalesulcis.it\/wp\/wp-content\/uploads\/2025\/05\/494428173_17953700309951683_5508067136593227322_n-1024x684.jpg?strip=info&#038;w=900&#038;ssl=1 900w,https:\/\/i0.wp.com\/www.leganavalesulcis.it\/wp\/wp-content\/uploads\/2025\/05\/494428173_17953700309951683_5508067136593227322_n-1024x684.jpg?strip=info&#038;w=1200&#038;ssl=1 1200w,https:\/\/i0.wp.com\/www.leganavalesulcis.it\/wp\/wp-content\/uploads\/2025\/05\/494428173_17953700309951683_5508067136593227322_n-1024x684.jpg?strip=info&#038;w=1440&#038;ssl=1 1440w\" alt=\"\" data-height=\"962\" data-id=\"4241\" data-link=\"https:\/\/www.leganavalesulcis.it\/wp\/i-nostri-atleti-piu-grandi-al-campionato-team-race-rs21-a-porto-rotondo\/494428173_17953700309951683_5508067136593227322_n\/\" data-url=\"https:\/\/www.leganavalesulcis.it\/wp\/wp-content\/uploads\/2025\/05\/494428173_17953700309951683_5508067136593227322_n-1024x684.jpg\" data-width=\"1440\" src=\"https:\/\/i0.wp.com\/www.leganavalesulcis.it\/wp\/wp-content\/uploads\/2025\/05\/494428173_17953700309951683_5508067136593227322_n-1024x684.jpg?ssl=1\" data-amp-layout=\"responsive\" tabindex=\"0\" role=\"button\" aria-label=\"Apri immagine 3 di 11 a schermo intero\"\/><\/figure><\/div><\/div><div class=\"tiled-gallery__row\"><div class=\"tiled-gallery__col\" style=\"flex-basis:31.90299%\"><figure class=\"tiled-gallery__item\"><img decoding=\"async\" srcset=\"https:\/\/i0.wp.com\/www.leganavalesulcis.it\/wp\/wp-content\/uploads\/2025\/05\/494518697_17953738652951683_1212686212089745321_n-1024x683.jpg?strip=info&#038;w=600&#038;ssl=1 600w,https:\/\/i0.wp.com\/www.leganavalesulcis.it\/wp\/wp-content\/uploads\/2025\/05\/494518697_17953738652951683_1212686212089745321_n-1024x683.jpg?strip=info&#038;w=900&#038;ssl=1 900w,https:\/\/i0.wp.com\/www.leganavalesulcis.it\/wp\/wp-content\/uploads\/2025\/05\/494518697_17953738652951683_1212686212089745321_n-1024x683.jpg?strip=info&#038;w=1200&#038;ssl=1 1200w,https:\/\/i0.wp.com\/www.leganavalesulcis.it\/wp\/wp-content\/uploads\/2025\/05\/494518697_17953738652951683_1212686212089745321_n-1024x683.jpg?strip=info&#038;w=1440&#038;ssl=1 1440w\" alt=\"\" data-height=\"960\" data-id=\"4240\" data-link=\"https:\/\/www.leganavalesulcis.it\/wp\/i-nostri-atleti-piu-grandi-al-campionato-team-race-rs21-a-porto-rotondo\/494518697_17953738652951683_1212686212089745321_n\/\" data-url=\"https:\/\/www.leganavalesulcis.it\/wp\/wp-content\/uploads\/2025\/05\/494518697_17953738652951683_1212686212089745321_n-1024x683.jpg\" data-width=\"1440\" src=\"https:\/\/i0.wp.com\/www.leganavalesulcis.it\/wp\/wp-content\/uploads\/2025\/05\/494518697_17953738652951683_1212686212089745321_n-1024x683.jpg?ssl=1\" data-amp-layout=\"responsive\" tabindex=\"0\" role=\"button\" aria-label=\"Apri immagine 4 di 11 a schermo intero\"\/><\/figure><figure class=\"tiled-gallery__item\"><img decoding=\"async\" srcset=\"https:\/\/i0.wp.com\/www.leganavalesulcis.it\/wp\/wp-content\/uploads\/2025\/05\/494520843_17953469357951683_4893481670926946600_n-1024x772.jpg?strip=info&#038;w=600&#038;ssl=1 600w,https:\/\/i0.wp.com\/www.leganavalesulcis.it\/wp\/wp-content\/uploads\/2025\/05\/494520843_17953469357951683_4893481670926946600_n-1024x772.jpg?strip=info&#038;w=900&#038;ssl=1 900w,https:\/\/i0.wp.com\/www.leganavalesulcis.it\/wp\/wp-content\/uploads\/2025\/05\/494520843_17953469357951683_4893481670926946600_n-1024x772.jpg?strip=info&#038;w=1200&#038;ssl=1 1200w,https:\/\/i0.wp.com\/www.leganavalesulcis.it\/wp\/wp-content\/uploads\/2025\/05\/494520843_17953469357951683_4893481670926946600_n-1024x772.jpg?strip=info&#038;w=1440&#038;ssl=1 1440w\" alt=\"\" data-height=\"1086\" data-id=\"4235\" data-link=\"https:\/\/www.leganavalesulcis.it\/wp\/i-nostri-atleti-piu-grandi-al-campionato-team-race-rs21-a-porto-rotondo\/494520843_17953469357951683_4893481670926946600_n\/\" data-url=\"https:\/\/www.leganavalesulcis.it\/wp\/wp-content\/uploads\/2025\/05\/494520843_17953469357951683_4893481670926946600_n-1024x772.jpg\" data-width=\"1440\" src=\"https:\/\/i0.wp.com\/www.leganavalesulcis.it\/wp\/wp-content\/uploads\/2025\/05\/494520843_17953469357951683_4893481670926946600_n-1024x772.jpg?ssl=1\" data-amp-layout=\"responsive\" tabindex=\"0\" role=\"button\" aria-label=\"Apri immagine 5 di 11 a schermo intero\"\/><\/figure><\/div><div class=\"tiled-gallery__col\" style=\"flex-basis:68.09701%\"><figure class=\"tiled-gallery__item\"><img decoding=\"async\" srcset=\"https:\/\/i0.wp.com\/www.leganavalesulcis.it\/wp\/wp-content\/uploads\/2025\/05\/494582110_17953585352951683_1666994072571063570_n-1024x684.jpg?strip=info&#038;w=600&#038;ssl=1 600w,https:\/\/i0.wp.com\/www.leganavalesulcis.it\/wp\/wp-content\/uploads\/2025\/05\/494582110_17953585352951683_1666994072571063570_n-1024x684.jpg?strip=info&#038;w=900&#038;ssl=1 900w,https:\/\/i0.wp.com\/www.leganavalesulcis.it\/wp\/wp-content\/uploads\/2025\/05\/494582110_17953585352951683_1666994072571063570_n-1024x684.jpg?strip=info&#038;w=1200&#038;ssl=1 1200w,https:\/\/i0.wp.com\/www.leganavalesulcis.it\/wp\/wp-content\/uploads\/2025\/05\/494582110_17953585352951683_1666994072571063570_n-1024x684.jpg?strip=info&#038;w=1440&#038;ssl=1 1440w\" alt=\"\" data-height=\"962\" data-id=\"4245\" data-link=\"https:\/\/www.leganavalesulcis.it\/wp\/i-nostri-atleti-piu-grandi-al-campionato-team-race-rs21-a-porto-rotondo\/494582110_17953585352951683_1666994072571063570_n\/\" data-url=\"https:\/\/www.leganavalesulcis.it\/wp\/wp-content\/uploads\/2025\/05\/494582110_17953585352951683_1666994072571063570_n-1024x684.jpg\" data-width=\"1440\" src=\"https:\/\/i0.wp.com\/www.leganavalesulcis.it\/wp\/wp-content\/uploads\/2025\/05\/494582110_17953585352951683_1666994072571063570_n-1024x684.jpg?ssl=1\" data-amp-layout=\"responsive\" tabindex=\"0\" role=\"button\" aria-label=\"Apri immagine 6 di 11 a schermo intero\"\/><\/figure><\/div><\/div><div class=\"tiled-gallery__row\"><div class=\"tiled-gallery__col\" style=\"flex-basis:50.00000%\"><figure class=\"tiled-gallery__item\"><img decoding=\"async\" srcset=\"https:\/\/i0.wp.com\/www.leganavalesulcis.it\/wp\/wp-content\/uploads\/2025\/05\/494622861_17953585343951683_4460229784142560090_n-1024x683.jpg?strip=info&#038;w=600&#038;ssl=1 600w,https:\/\/i0.wp.com\/www.leganavalesulcis.it\/wp\/wp-content\/uploads\/2025\/05\/494622861_17953585343951683_4460229784142560090_n-1024x683.jpg?strip=info&#038;w=900&#038;ssl=1 900w,https:\/\/i0.wp.com\/www.leganavalesulcis.it\/wp\/wp-content\/uploads\/2025\/05\/494622861_17953585343951683_4460229784142560090_n-1024x683.jpg?strip=info&#038;w=1200&#038;ssl=1 1200w,https:\/\/i0.wp.com\/www.leganavalesulcis.it\/wp\/wp-content\/uploads\/2025\/05\/494622861_17953585343951683_4460229784142560090_n-1024x683.jpg?strip=info&#038;w=1440&#038;ssl=1 1440w\" alt=\"\" data-height=\"960\" data-id=\"4242\" data-link=\"https:\/\/www.leganavalesulcis.it\/wp\/i-nostri-atleti-piu-grandi-al-campionato-team-race-rs21-a-porto-rotondo\/494622861_17953585343951683_4460229784142560090_n\/\" data-url=\"https:\/\/www.leganavalesulcis.it\/wp\/wp-content\/uploads\/2025\/05\/494622861_17953585343951683_4460229784142560090_n-1024x683.jpg\" data-width=\"1440\" src=\"https:\/\/i0.wp.com\/www.leganavalesulcis.it\/wp\/wp-content\/uploads\/2025\/05\/494622861_17953585343951683_4460229784142560090_n-1024x683.jpg?ssl=1\" data-amp-layout=\"responsive\" tabindex=\"0\" role=\"button\" aria-label=\"Apri immagine 7 di 11 a schermo intero\"\/><\/figure><\/div><div class=\"tiled-gallery__col\" style=\"flex-basis:50.00000%\"><figure class=\"tiled-gallery__item\"><img decoding=\"async\" srcset=\"https:\/\/i0.wp.com\/www.leganavalesulcis.it\/wp\/wp-content\/uploads\/2025\/05\/494632623_17953738682951683_7377919840426156806_n-1024x683.jpg?strip=info&#038;w=600&#038;ssl=1 600w,https:\/\/i0.wp.com\/www.leganavalesulcis.it\/wp\/wp-content\/uploads\/2025\/05\/494632623_17953738682951683_7377919840426156806_n-1024x683.jpg?strip=info&#038;w=900&#038;ssl=1 900w,https:\/\/i0.wp.com\/www.leganavalesulcis.it\/wp\/wp-content\/uploads\/2025\/05\/494632623_17953738682951683_7377919840426156806_n-1024x683.jpg?strip=info&#038;w=1200&#038;ssl=1 1200w,https:\/\/i0.wp.com\/www.leganavalesulcis.it\/wp\/wp-content\/uploads\/2025\/05\/494632623_17953738682951683_7377919840426156806_n-1024x683.jpg?strip=info&#038;w=1440&#038;ssl=1 1440w\" alt=\"\" data-height=\"960\" data-id=\"4239\" data-link=\"https:\/\/www.leganavalesulcis.it\/wp\/i-nostri-atleti-piu-grandi-al-campionato-team-race-rs21-a-porto-rotondo\/494632623_17953738682951683_7377919840426156806_n\/\" data-url=\"https:\/\/www.leganavalesulcis.it\/wp\/wp-content\/uploads\/2025\/05\/494632623_17953738682951683_7377919840426156806_n-1024x683.jpg\" data-width=\"1440\" src=\"https:\/\/i0.wp.com\/www.leganavalesulcis.it\/wp\/wp-content\/uploads\/2025\/05\/494632623_17953738682951683_7377919840426156806_n-1024x683.jpg?ssl=1\" data-amp-layout=\"responsive\" tabindex=\"0\" role=\"button\" aria-label=\"Apri immagine 8 di 11 a schermo intero\"\/><\/figure><\/div><\/div><div class=\"tiled-gallery__row\"><div class=\"tiled-gallery__col\" style=\"flex-basis:32.02622%\"><figure class=\"tiled-gallery__item\"><img decoding=\"async\" srcset=\"https:\/\/i0.wp.com\/www.leganavalesulcis.it\/wp\/wp-content\/uploads\/2025\/05\/494885810_17953726616951683_6717087961056955623_n-1024x767.jpg?strip=info&#038;w=600&#038;ssl=1 600w,https:\/\/i0.wp.com\/www.leganavalesulcis.it\/wp\/wp-content\/uploads\/2025\/05\/494885810_17953726616951683_6717087961056955623_n-1024x767.jpg?strip=info&#038;w=900&#038;ssl=1 900w,https:\/\/i0.wp.com\/www.leganavalesulcis.it\/wp\/wp-content\/uploads\/2025\/05\/494885810_17953726616951683_6717087961056955623_n-1024x767.jpg?strip=info&#038;w=1200&#038;ssl=1 1200w,https:\/\/i0.wp.com\/www.leganavalesulcis.it\/wp\/wp-content\/uploads\/2025\/05\/494885810_17953726616951683_6717087961056955623_n-1024x767.jpg?strip=info&#038;w=1440&#038;ssl=1 1440w\" alt=\"\" data-height=\"1078\" data-id=\"4243\" data-link=\"https:\/\/www.leganavalesulcis.it\/wp\/i-nostri-atleti-piu-grandi-al-campionato-team-race-rs21-a-porto-rotondo\/494885810_17953726616951683_6717087961056955623_n\/\" data-url=\"https:\/\/www.leganavalesulcis.it\/wp\/wp-content\/uploads\/2025\/05\/494885810_17953726616951683_6717087961056955623_n-1024x767.jpg\" data-width=\"1440\" src=\"https:\/\/i0.wp.com\/www.leganavalesulcis.it\/wp\/wp-content\/uploads\/2025\/05\/494885810_17953726616951683_6717087961056955623_n-1024x767.jpg?ssl=1\" data-amp-layout=\"responsive\" tabindex=\"0\" role=\"button\" aria-label=\"Apri immagine 9 di 11 a schermo intero\"\/><\/figure><\/div><div class=\"tiled-gallery__col\" style=\"flex-basis:32.02622%\"><figure class=\"tiled-gallery__item\"><img decoding=\"async\" srcset=\"https:\/\/i0.wp.com\/www.leganavalesulcis.it\/wp\/wp-content\/uploads\/2025\/05\/494894101_17953726655951683_6233767791474029630_n-1024x767.jpg?strip=info&#038;w=600&#038;ssl=1 600w,https:\/\/i0.wp.com\/www.leganavalesulcis.it\/wp\/wp-content\/uploads\/2025\/05\/494894101_17953726655951683_6233767791474029630_n-1024x767.jpg?strip=info&#038;w=900&#038;ssl=1 900w,https:\/\/i0.wp.com\/www.leganavalesulcis.it\/wp\/wp-content\/uploads\/2025\/05\/494894101_17953726655951683_6233767791474029630_n-1024x767.jpg?strip=info&#038;w=1200&#038;ssl=1 1200w,https:\/\/i0.wp.com\/www.leganavalesulcis.it\/wp\/wp-content\/uploads\/2025\/05\/494894101_17953726655951683_6233767791474029630_n-1024x767.jpg?strip=info&#038;w=1440&#038;ssl=1 1440w\" alt=\"\" data-height=\"1078\" data-id=\"4244\" data-link=\"https:\/\/www.leganavalesulcis.it\/wp\/i-nostri-atleti-piu-grandi-al-campionato-team-race-rs21-a-porto-rotondo\/494894101_17953726655951683_6233767791474029630_n\/\" data-url=\"https:\/\/www.leganavalesulcis.it\/wp\/wp-content\/uploads\/2025\/05\/494894101_17953726655951683_6233767791474029630_n-1024x767.jpg\" data-width=\"1440\" src=\"https:\/\/i0.wp.com\/www.leganavalesulcis.it\/wp\/wp-content\/uploads\/2025\/05\/494894101_17953726655951683_6233767791474029630_n-1024x767.jpg?ssl=1\" data-amp-layout=\"responsive\" tabindex=\"0\" role=\"button\" aria-label=\"Apri immagine 10 di 11 a schermo intero\"\/><\/figure><\/div><div class=\"tiled-gallery__col\" style=\"flex-basis:35.94757%\"><figure class=\"tiled-gallery__item\"><img decoding=\"async\" srcset=\"https:\/\/i0.wp.com\/www.leganavalesulcis.it\/wp\/wp-content\/uploads\/2025\/05\/495506197_17953738406951683_7340023600704720367_n-1024x683.jpg?strip=info&#038;w=600&#038;ssl=1 600w,https:\/\/i0.wp.com\/www.leganavalesulcis.it\/wp\/wp-content\/uploads\/2025\/05\/495506197_17953738406951683_7340023600704720367_n-1024x683.jpg?strip=info&#038;w=900&#038;ssl=1 900w,https:\/\/i0.wp.com\/www.leganavalesulcis.it\/wp\/wp-content\/uploads\/2025\/05\/495506197_17953738406951683_7340023600704720367_n-1024x683.jpg?strip=info&#038;w=1200&#038;ssl=1 1200w,https:\/\/i0.wp.com\/www.leganavalesulcis.it\/wp\/wp-content\/uploads\/2025\/05\/495506197_17953738406951683_7340023600704720367_n-1024x683.jpg?strip=info&#038;w=1440&#038;ssl=1 1440w\" alt=\"\" data-height=\"960\" data-id=\"4237\" data-link=\"https:\/\/www.leganavalesulcis.it\/wp\/i-nostri-atleti-piu-grandi-al-campionato-team-race-rs21-a-porto-rotondo\/495506197_17953738406951683_7340023600704720367_n\/\" data-url=\"https:\/\/www.leganavalesulcis.it\/wp\/wp-content\/uploads\/2025\/05\/495506197_17953738406951683_7340023600704720367_n-1024x683.jpg\" data-width=\"1440\" src=\"https:\/\/i0.wp.com\/www.leganavalesulcis.it\/wp\/wp-content\/uploads\/2025\/05\/495506197_17953738406951683_7340023600704720367_n-1024x683.jpg?ssl=1\" data-amp-layout=\"responsive\" tabindex=\"0\" role=\"button\" aria-label=\"Apri immagine 11 di 11 a schermo intero\"\/><\/figure><\/div><\/div><\/div><\/div><\/div>\n","protected":false},"excerpt":{"rendered":"<p>Questo fine settimana, le acque cristalline di Porto Rotondo fanno da cornice al Campionato di Team Race della classe RS21,<\/p>\n","protected":false},"author":2,"featured_media":4232,"comment_status":"closed","ping_status":"closed","sticky":false,"template":"","format":"standard","meta":{"colormag_page_container_layout":"default_layout","colormag_page_sidebar_layout":"default_layout","jetpack_post_was_ever_published":false,"_jetpack_newsletter_access":"","_jetpack_dont_email_post_to_subs":false,"_jetpack_newsletter_tier_id":0,"_jetpack_memberships_contains_paywalled_content":false,"_jetpack_memberships_contains_paid_content":false,"footnotes":""},"categories":[3,5],"tags":[],"class_list":["post-4231","post","type-post","status-publish","format-standard","has-post-thumbnail","hentry","category-attivita","category-notizie"],"yoast_head":"<!-- This site is optimized with the Yoast SEO plugin v27.5 - https:\/\/yoast.com\/product\/yoast-seo-wordpress\/ -->\r\n<title>I nostri atleti pi\u00f9 grandi al Campionato Team Race RS21 a Porto Rotondo - Lega Navale Italiana Sezione Sulcis<\/title>\r\n<meta name=\"robots\" content=\"index, follow, max-snippet:-1, max-image-preview:large, max-video-preview:-1\" \/>\r\n<link rel=\"canonical\" href=\"https:\/\/www.leganavalesulcis.it\/wp\/i-nostri-atleti-piu-grandi-al-campionato-team-race-rs21-a-porto-rotondo\/\" \/>\r\n<meta property=\"og:locale\" content=\"it_IT\" \/>\r\n<meta property=\"og:type\" content=\"article\" \/>\r\n<meta property=\"og:title\" content=\"I nostri atleti pi\u00f9 grandi al Campionato Team Race RS21 a Porto Rotondo - Lega Navale Italiana Sezione Sulcis\" \/>\r\n<meta property=\"og:description\" content=\"Questo fine settimana, le acque cristalline di Porto Rotondo fanno da cornice al Campionato di Team Race della classe RS21,\" \/>\r\n<meta property=\"og:url\" content=\"https:\/\/www.leganavalesulcis.it\/wp\/i-nostri-atleti-piu-grandi-al-campionato-team-race-rs21-a-porto-rotondo\/\" \/>\r\n<meta property=\"og:site_name\" content=\"Lega Navale Italiana Sezione Sulcis\" \/>\r\n<meta property=\"article:published_time\" content=\"2025-05-03T17:42:37+00:00\" \/>\r\n<meta property=\"article:modified_time\" content=\"2025-05-03T17:51:43+00:00\" \/>\r\n<meta property=\"og:image\" content=\"https:\/\/www.leganavalesulcis.it\/wp\/wp-content\/uploads\/2025\/05\/squadra-rsaero-porto-rotondo.jpg\" \/>\r\n\t<meta property=\"og:image:width\" content=\"2048\" \/>\r\n\t<meta property=\"og:image:height\" content=\"1536\" \/>\r\n\t<meta property=\"og:image:type\" content=\"image\/jpeg\" \/>\r\n<meta name=\"author\" content=\"Tiziana Schiaffino\" \/>\r\n<meta name=\"twitter:card\" content=\"summary_large_image\" \/>\r\n<meta name=\"twitter:label1\" content=\"Scritto da\" \/>\n\t<meta name=\"twitter:data1\" content=\"Tiziana Schiaffino\" \/>\n\t<meta name=\"twitter:label2\" content=\"Tempo di lettura stimato\" \/>\n\t<meta name=\"twitter:data2\" content=\"4 minuti\" \/>\r\n<script type=\"application\/ld+json\" class=\"yoast-schema-graph\">{\"@context\":\"https:\\\/\\\/schema.org\",\"@graph\":[{\"@type\":\"Article\",\"@id\":\"https:\\\/\\\/www.leganavalesulcis.it\\\/wp\\\/i-nostri-atleti-piu-grandi-al-campionato-team-race-rs21-a-porto-rotondo\\\/#article\",\"isPartOf\":{\"@id\":\"https:\\\/\\\/www.leganavalesulcis.it\\\/wp\\\/i-nostri-atleti-piu-grandi-al-campionato-team-race-rs21-a-porto-rotondo\\\/\"},\"author\":{\"name\":\"Tiziana Schiaffino\",\"@id\":\"https:\\\/\\\/www.leganavalesulcis.it\\\/wp\\\/#\\\/schema\\\/person\\\/aa224f330972cd0dc0ca3fef5f94e2e4\"},\"headline\":\"I nostri atleti pi\u00f9 grandi al Campionato Team Race RS21 a Porto Rotondo\",\"datePublished\":\"2025-05-03T17:42:37+00:00\",\"dateModified\":\"2025-05-03T17:51:43+00:00\",\"mainEntityOfPage\":{\"@id\":\"https:\\\/\\\/www.leganavalesulcis.it\\\/wp\\\/i-nostri-atleti-piu-grandi-al-campionato-team-race-rs21-a-porto-rotondo\\\/\"},\"wordCount\":236,\"image\":{\"@id\":\"https:\\\/\\\/www.leganavalesulcis.it\\\/wp\\\/i-nostri-atleti-piu-grandi-al-campionato-team-race-rs21-a-porto-rotondo\\\/#primaryimage\"},\"thumbnailUrl\":\"https:\\\/\\\/www.leganavalesulcis.it\\\/wp\\\/wp-content\\\/uploads\\\/2025\\\/05\\\/squadra-rsaero-porto-rotondo.jpg\",\"articleSection\":[\"attivit\u00e0\",\"notizie\"],\"inLanguage\":\"it-IT\"},{\"@type\":\"WebPage\",\"@id\":\"https:\\\/\\\/www.leganavalesulcis.it\\\/wp\\\/i-nostri-atleti-piu-grandi-al-campionato-team-race-rs21-a-porto-rotondo\\\/\",\"url\":\"https:\\\/\\\/www.leganavalesulcis.it\\\/wp\\\/i-nostri-atleti-piu-grandi-al-campionato-team-race-rs21-a-porto-rotondo\\\/\",\"name\":\"I nostri atleti pi\u00f9 grandi al Campionato Team Race RS21 a Porto Rotondo - Lega Navale Italiana Sezione Sulcis\",\"isPartOf\":{\"@id\":\"https:\\\/\\\/www.leganavalesulcis.it\\\/wp\\\/#website\"},\"primaryImageOfPage\":{\"@id\":\"https:\\\/\\\/www.leganavalesulcis.it\\\/wp\\\/i-nostri-atleti-piu-grandi-al-campionato-team-race-rs21-a-porto-rotondo\\\/#primaryimage\"},\"image\":{\"@id\":\"https:\\\/\\\/www.leganavalesulcis.it\\\/wp\\\/i-nostri-atleti-piu-grandi-al-campionato-team-race-rs21-a-porto-rotondo\\\/#primaryimage\"},\"thumbnailUrl\":\"https:\\\/\\\/www.leganavalesulcis.it\\\/wp\\\/wp-content\\\/uploads\\\/2025\\\/05\\\/squadra-rsaero-porto-rotondo.jpg\",\"datePublished\":\"2025-05-03T17:42:37+00:00\",\"dateModified\":\"2025-05-03T17:51:43+00:00\",\"author\":{\"@id\":\"https:\\\/\\\/www.leganavalesulcis.it\\\/wp\\\/#\\\/schema\\\/person\\\/aa224f330972cd0dc0ca3fef5f94e2e4\"},\"breadcrumb\":{\"@id\":\"https:\\\/\\\/www.leganavalesulcis.it\\\/wp\\\/i-nostri-atleti-piu-grandi-al-campionato-team-race-rs21-a-porto-rotondo\\\/#breadcrumb\"},\"inLanguage\":\"it-IT\",\"potentialAction\":[{\"@type\":\"ReadAction\",\"target\":[\"https:\\\/\\\/www.leganavalesulcis.it\\\/wp\\\/i-nostri-atleti-piu-grandi-al-campionato-team-race-rs21-a-porto-rotondo\\\/\"]}]},{\"@type\":\"ImageObject\",\"inLanguage\":\"it-IT\",\"@id\":\"https:\\\/\\\/www.leganavalesulcis.it\\\/wp\\\/i-nostri-atleti-piu-grandi-al-campionato-team-race-rs21-a-porto-rotondo\\\/#primaryimage\",\"url\":\"https:\\\/\\\/www.leganavalesulcis.it\\\/wp\\\/wp-content\\\/uploads\\\/2025\\\/05\\\/squadra-rsaero-porto-rotondo.jpg\",\"contentUrl\":\"https:\\\/\\\/www.leganavalesulcis.it\\\/wp\\\/wp-content\\\/uploads\\\/2025\\\/05\\\/squadra-rsaero-porto-rotondo.jpg\",\"width\":2048,\"height\":1536},{\"@type\":\"BreadcrumbList\",\"@id\":\"https:\\\/\\\/www.leganavalesulcis.it\\\/wp\\\/i-nostri-atleti-piu-grandi-al-campionato-team-race-rs21-a-porto-rotondo\\\/#breadcrumb\",\"itemListElement\":[{\"@type\":\"ListItem\",\"position\":1,\"name\":\"Home\",\"item\":\"https:\\\/\\\/www.leganavalesulcis.it\\\/wp\\\/\"},{\"@type\":\"ListItem\",\"position\":2,\"name\":\"I nostri atleti pi\u00f9 grandi al Campionato Team Race RS21 a Porto Rotondo\"}]},{\"@type\":\"WebSite\",\"@id\":\"https:\\\/\\\/www.leganavalesulcis.it\\\/wp\\\/#website\",\"url\":\"https:\\\/\\\/www.leganavalesulcis.it\\\/wp\\\/\",\"name\":\"Lega Navale Italiana Sezione Sulcis\",\"description\":\"Porto Pino - Calasetta\",\"potentialAction\":[{\"@type\":\"SearchAction\",\"target\":{\"@type\":\"EntryPoint\",\"urlTemplate\":\"https:\\\/\\\/www.leganavalesulcis.it\\\/wp\\\/?s={search_term_string}\"},\"query-input\":{\"@type\":\"PropertyValueSpecification\",\"valueRequired\":true,\"valueName\":\"search_term_string\"}}],\"inLanguage\":\"it-IT\"},{\"@type\":\"Person\",\"@id\":\"https:\\\/\\\/www.leganavalesulcis.it\\\/wp\\\/#\\\/schema\\\/person\\\/aa224f330972cd0dc0ca3fef5f94e2e4\",\"name\":\"Tiziana Schiaffino\",\"url\":\"https:\\\/\\\/www.leganavalesulcis.it\\\/wp\\\/author\\\/tiziana\\\/\"}]}<\/script>\r\n<!-- \/ Yoast SEO plugin. -->","yoast_head_json":{"title":"I nostri atleti pi\u00f9 grandi al Campionato Team Race RS21 a Porto Rotondo - Lega Navale Italiana Sezione Sulcis","robots":{"index":"index","follow":"follow","max-snippet":"max-snippet:-1","max-image-preview":"max-image-preview:large","max-video-preview":"max-video-preview:-1"},"canonical":"https:\/\/www.leganavalesulcis.it\/wp\/i-nostri-atleti-piu-grandi-al-campionato-team-race-rs21-a-porto-rotondo\/","og_locale":"it_IT","og_type":"article","og_title":"I nostri atleti pi\u00f9 grandi al Campionato Team Race RS21 a Porto Rotondo - Lega Navale Italiana Sezione Sulcis","og_description":"Questo fine settimana, le acque cristalline di Porto Rotondo fanno da cornice al Campionato di Team Race della classe RS21,","og_url":"https:\/\/www.leganavalesulcis.it\/wp\/i-nostri-atleti-piu-grandi-al-campionato-team-race-rs21-a-porto-rotondo\/","og_site_name":"Lega Navale Italiana Sezione Sulcis","article_published_time":"2025-05-03T17:42:37+00:00","article_modified_time":"2025-05-03T17:51:43+00:00","og_image":[{"width":2048,"height":1536,"url":"https:\/\/www.leganavalesulcis.it\/wp\/wp-content\/uploads\/2025\/05\/squadra-rsaero-porto-rotondo.jpg","type":"image\/jpeg"}],"author":"Tiziana Schiaffino","twitter_card":"summary_large_image","twitter_misc":{"Scritto da":"Tiziana Schiaffino","Tempo di lettura stimato":"4 minuti"},"schema":{"@context":"https:\/\/schema.org","@graph":[{"@type":"Article","@id":"https:\/\/www.leganavalesulcis.it\/wp\/i-nostri-atleti-piu-grandi-al-campionato-team-race-rs21-a-porto-rotondo\/#article","isPartOf":{"@id":"https:\/\/www.leganavalesulcis.it\/wp\/i-nostri-atleti-piu-grandi-al-campionato-team-race-rs21-a-porto-rotondo\/"},"author":{"name":"Tiziana Schiaffino","@id":"https:\/\/www.leganavalesulcis.it\/wp\/#\/schema\/person\/aa224f330972cd0dc0ca3fef5f94e2e4"},"headline":"I nostri atleti pi\u00f9 grandi al Campionato Team Race RS21 a Porto Rotondo","datePublished":"2025-05-03T17:42:37+00:00","dateModified":"2025-05-03T17:51:43+00:00","mainEntityOfPage":{"@id":"https:\/\/www.leganavalesulcis.it\/wp\/i-nostri-atleti-piu-grandi-al-campionato-team-race-rs21-a-porto-rotondo\/"},"wordCount":236,"image":{"@id":"https:\/\/www.leganavalesulcis.it\/wp\/i-nostri-atleti-piu-grandi-al-campionato-team-race-rs21-a-porto-rotondo\/#primaryimage"},"thumbnailUrl":"https:\/\/www.leganavalesulcis.it\/wp\/wp-content\/uploads\/2025\/05\/squadra-rsaero-porto-rotondo.jpg","articleSection":["attivit\u00e0","notizie"],"inLanguage":"it-IT"},{"@type":"WebPage","@id":"https:\/\/www.leganavalesulcis.it\/wp\/i-nostri-atleti-piu-grandi-al-campionato-team-race-rs21-a-porto-rotondo\/","url":"https:\/\/www.leganavalesulcis.it\/wp\/i-nostri-atleti-piu-grandi-al-campionato-team-race-rs21-a-porto-rotondo\/","name":"I nostri atleti pi\u00f9 grandi al Campionato Team Race RS21 a Porto Rotondo - Lega Navale Italiana Sezione Sulcis","isPartOf":{"@id":"https:\/\/www.leganavalesulcis.it\/wp\/#website"},"primaryImageOfPage":{"@id":"https:\/\/www.leganavalesulcis.it\/wp\/i-nostri-atleti-piu-grandi-al-campionato-team-race-rs21-a-porto-rotondo\/#primaryimage"},"image":{"@id":"https:\/\/www.leganavalesulcis.it\/wp\/i-nostri-atleti-piu-grandi-al-campionato-team-race-rs21-a-porto-rotondo\/#primaryimage"},"thumbnailUrl":"https:\/\/www.leganavalesulcis.it\/wp\/wp-content\/uploads\/2025\/05\/squadra-rsaero-porto-rotondo.jpg","datePublished":"2025-05-03T17:42:37+00:00","dateModified":"2025-05-03T17:51:43+00:00","author":{"@id":"https:\/\/www.leganavalesulcis.it\/wp\/#\/schema\/person\/aa224f330972cd0dc0ca3fef5f94e2e4"},"breadcrumb":{"@id":"https:\/\/www.leganavalesulcis.it\/wp\/i-nostri-atleti-piu-grandi-al-campionato-team-race-rs21-a-porto-rotondo\/#breadcrumb"},"inLanguage":"it-IT","potentialAction":[{"@type":"ReadAction","target":["https:\/\/www.leganavalesulcis.it\/wp\/i-nostri-atleti-piu-grandi-al-campionato-team-race-rs21-a-porto-rotondo\/"]}]},{"@type":"ImageObject","inLanguage":"it-IT","@id":"https:\/\/www.leganavalesulcis.it\/wp\/i-nostri-atleti-piu-grandi-al-campionato-team-race-rs21-a-porto-rotondo\/#primaryimage","url":"https:\/\/www.leganavalesulcis.it\/wp\/wp-content\/uploads\/2025\/05\/squadra-rsaero-porto-rotondo.jpg","contentUrl":"https:\/\/www.leganavalesulcis.it\/wp\/wp-content\/uploads\/2025\/05\/squadra-rsaero-porto-rotondo.jpg","width":2048,"height":1536},{"@type":"BreadcrumbList","@id":"https:\/\/www.leganavalesulcis.it\/wp\/i-nostri-atleti-piu-grandi-al-campionato-team-race-rs21-a-porto-rotondo\/#breadcrumb","itemListElement":[{"@type":"ListItem","position":1,"name":"Home","item":"https:\/\/www.leganavalesulcis.it\/wp\/"},{"@type":"ListItem","position":2,"name":"I nostri atleti pi\u00f9 grandi al Campionato Team Race RS21 a Porto Rotondo"}]},{"@type":"WebSite","@id":"https:\/\/www.leganavalesulcis.it\/wp\/#website","url":"https:\/\/www.leganavalesulcis.it\/wp\/","name":"Lega Navale Italiana Sezione Sulcis","description":"Porto Pino - Calasetta","potentialAction":[{"@type":"SearchAction","target":{"@type":"EntryPoint","urlTemplate":"https:\/\/www.leganavalesulcis.it\/wp\/?s={search_term_string}"},"query-input":{"@type":"PropertyValueSpecification","valueRequired":true,"valueName":"search_term_string"}}],"inLanguage":"it-IT"},{"@type":"Person","@id":"https:\/\/www.leganavalesulcis.it\/wp\/#\/schema\/person\/aa224f330972cd0dc0ca3fef5f94e2e4","name":"Tiziana Schiaffino","url":"https:\/\/www.leganavalesulcis.it\/wp\/author\/tiziana\/"}]}},"jetpack_featured_media_url":"https:\/\/www.leganavalesulcis.it\/wp\/wp-content\/uploads\/2025\/05\/squadra-rsaero-porto-rotondo.jpg","jetpack_sharing_enabled":true,"jetpack_shortlink":"https:\/\/wp.me\/paRkGJ-16f","jetpack_likes_enabled":true,"_links":{"self":[{"href":"https:\/\/www.leganavalesulcis.it\/wp\/wp-json\/wp\/v2\/posts\/4231","targetHints":{"allow":["GET"]}}],"collection":[{"href":"https:\/\/www.leganavalesulcis.it\/wp\/wp-json\/wp\/v2\/posts"}],"about":[{"href":"https:\/\/www.leganavalesulcis.it\/wp\/wp-json\/wp\/v2\/types\/post"}],"author":[{"embeddable":true,"href":"https:\/\/www.leganavalesulcis.it\/wp\/wp-json\/wp\/v2\/users\/2"}],"replies":[{"embeddable":true,"href":"https:\/\/www.leganavalesulcis.it\/wp\/wp-json\/wp\/v2\/comments?post=4231"}],"version-history":[{"count":2,"href":"https:\/\/www.leganavalesulcis.it\/wp\/wp-json\/wp\/v2\/posts\/4231\/revisions"}],"predecessor-version":[{"id":4246,"href":"https:\/\/www.leganavalesulcis.it\/wp\/wp-json\/wp\/v2\/posts\/4231\/revisions\/4246"}],"wp:featuredmedia":[{"embeddable":true,"href":"https:\/\/www.leganavalesulcis.it\/wp\/wp-json\/wp\/v2\/media\/4232"}],"wp:attachment":[{"href":"https:\/\/www.leganavalesulcis.it\/wp\/wp-json\/wp\/v2\/media?parent=4231"}],"wp:term":[{"taxonomy":"category","embeddable":true,"href":"https:\/\/www.leganavalesulcis.it\/wp\/wp-json\/wp\/v2\/categories?post=4231"},{"taxonomy":"post_tag","embeddable":true,"href":"https:\/\/www.leganavalesulcis.it\/wp\/wp-json\/wp\/v2\/tags?post=4231"}],"curies":[{"name":"wp","href":"https:\/\/api.w.org\/{rel}","templated":true}]}}