{"id":4483,"date":"2025-10-05T18:24:37","date_gmt":"2025-10-05T16:24:37","guid":{"rendered":"https:\/\/www.leganavalesulcis.it\/wp\/?p=4483"},"modified":"2025-10-05T19:13:17","modified_gmt":"2025-10-05T17:13:17","slug":"rs-aero-5a-tappa-del-campionato-nazionale-grandi-risultati-per-la-lni-del-sulcis","status":"publish","type":"post","link":"https:\/\/www.leganavalesulcis.it\/wp\/rs-aero-5a-tappa-del-campionato-nazionale-grandi-risultati-per-la-lni-del-sulcis\/","title":{"rendered":"RS Aero \u2013 5\u00aa Tappa del Campionato Nazionale: grandi risultati per la LNI del Sulcis"},"content":{"rendered":"\n<p><strong><em>5 ottobre 2025 &#8211; <\/em><\/strong>Si \u00e8 conclusa con ottimi risultati per la <strong>Lega Navale Italiana del Sulcis <\/strong> la <strong>quinta tappa del Campionato Nazionale RS Aero<\/strong>, svoltasi a <strong>Rimini<\/strong> presso il <strong>Club Nautico Rimini<\/strong>, da sempre esempio di ospitalit\u00e0, efficienza organizzativa e passione per la vela.<\/p>\n\n\n\n<p>Il fine settimana \u00e8 stato caratterizzato da condizioni meteo poco favorevoli: solo una regata \u00e8 stata disputata nella giornata di venerd\u00ec, seguita da due prove sabato. Domenica, invece, il programma \u00e8 stato interrotto a causa dell\u2019allerta meteo, con la giornata dedicata alle premiazioni e al rientro degli equipaggi.<\/p>\n\n\n\n<p>Nonostante il meteo incerto e il vento instabile, gli atleti del Sulcis hanno saputo distinguersi con prestazioni di alto livello, ottenendo risultati di grande prestigio sia nella singola tappa che nel ranking nazionale.<\/p>\n\n\n\n<figure class=\"wp-block-gallery has-nested-images columns-default is-cropped wp-block-gallery-1 is-layout-flex wp-block-gallery-is-layout-flex\">\n<figure class=\"wp-block-image size-large\"><img loading=\"lazy\" decoding=\"async\" width=\"1024\" height=\"682\" data-id=\"4484\" src=\"https:\/\/www.leganavalesulcis.it\/wp\/wp-content\/uploads\/2025\/10\/RegatanazOpenSkiff-RSAero-CNRimini2025_EGiolaiphoto-8410-1024x682.jpg\" alt=\"\" class=\"wp-image-4484\" srcset=\"https:\/\/www.leganavalesulcis.it\/wp\/wp-content\/uploads\/2025\/10\/RegatanazOpenSkiff-RSAero-CNRimini2025_EGiolaiphoto-8410-1024x682.jpg 1024w, https:\/\/www.leganavalesulcis.it\/wp\/wp-content\/uploads\/2025\/10\/RegatanazOpenSkiff-RSAero-CNRimini2025_EGiolaiphoto-8410-300x200.jpg 300w, https:\/\/www.leganavalesulcis.it\/wp\/wp-content\/uploads\/2025\/10\/RegatanazOpenSkiff-RSAero-CNRimini2025_EGiolaiphoto-8410-768x512.jpg 768w, https:\/\/www.leganavalesulcis.it\/wp\/wp-content\/uploads\/2025\/10\/RegatanazOpenSkiff-RSAero-CNRimini2025_EGiolaiphoto-8410-1536x1024.jpg 1536w, https:\/\/www.leganavalesulcis.it\/wp\/wp-content\/uploads\/2025\/10\/RegatanazOpenSkiff-RSAero-CNRimini2025_EGiolaiphoto-8410.jpg 2000w\" sizes=\"auto, (max-width: 1024px) 100vw, 1024px\" \/><\/figure>\n<\/figure>\n\n\n\n<p><strong>Filippo Vincis<\/strong>, nella classe <strong>RS Aero 6 \u2013 categoria Middle<\/strong>, ha conquistato il <strong>2\u00b0 posto <\/strong>in questa tappa ma<strong> 1\u00b0 nella Ranking Nazionale<\/strong>, confermandosi tra i protagonisti pi\u00f9 competitivi del circuito.<\/p>\n\n\n\n<p><strong>Alice Sussarello<\/strong>, nella <strong>categoria Youth<\/strong>, ha ottenuto un brillante <strong>5\u00b0 posto in questa tappa <\/strong>ma  risultando anche <strong>3^ nella ranking nazionale <\/strong>(<strong>1\u00aa classificata femminile<\/strong>), un doppio riconoscimento che premia costanza e talento.<\/p>\n\n\n\n<p><strong>Chiara Sussarello,<\/strong> la terza atleta presente in questa tappa ha realizzato un bel <strong>10\u00b0 posto nella tappa<\/strong> con la vela 5 , anche <strong>3^ femminile e 8^ nella ranking nazionale<\/strong>.<\/p>\n\n\n\n<figure class=\"wp-block-gallery has-nested-images columns-default is-cropped wp-block-gallery-2 is-layout-flex wp-block-gallery-is-layout-flex\">\n<figure class=\"wp-block-image size-large\"><img loading=\"lazy\" decoding=\"async\" width=\"1024\" height=\"682\" data-id=\"4486\" src=\"https:\/\/www.leganavalesulcis.it\/wp\/wp-content\/uploads\/2025\/10\/RegatanazOpenSkiff-RSAero-CNRimini2025_EGiolaiphoto-5144-1024x682.jpg\" alt=\"\" class=\"wp-image-4486\" srcset=\"https:\/\/www.leganavalesulcis.it\/wp\/wp-content\/uploads\/2025\/10\/RegatanazOpenSkiff-RSAero-CNRimini2025_EGiolaiphoto-5144-1024x682.jpg 1024w, https:\/\/www.leganavalesulcis.it\/wp\/wp-content\/uploads\/2025\/10\/RegatanazOpenSkiff-RSAero-CNRimini2025_EGiolaiphoto-5144-300x200.jpg 300w, https:\/\/www.leganavalesulcis.it\/wp\/wp-content\/uploads\/2025\/10\/RegatanazOpenSkiff-RSAero-CNRimini2025_EGiolaiphoto-5144-768x512.jpg 768w, https:\/\/www.leganavalesulcis.it\/wp\/wp-content\/uploads\/2025\/10\/RegatanazOpenSkiff-RSAero-CNRimini2025_EGiolaiphoto-5144-1536x1024.jpg 1536w, https:\/\/www.leganavalesulcis.it\/wp\/wp-content\/uploads\/2025\/10\/RegatanazOpenSkiff-RSAero-CNRimini2025_EGiolaiphoto-5144.jpg 2000w\" sizes=\"auto, (max-width: 1024px) 100vw, 1024px\" \/><\/figure>\n\n\n\n<figure class=\"wp-block-image size-large\"><img loading=\"lazy\" decoding=\"async\" width=\"1024\" height=\"682\" data-id=\"4487\" src=\"https:\/\/www.leganavalesulcis.it\/wp\/wp-content\/uploads\/2025\/10\/RegatanazOpenSkiff-RSAero-CNRimini2025_EGiolaiphoto-5135-1024x682.jpg\" alt=\"\" class=\"wp-image-4487\" srcset=\"https:\/\/www.leganavalesulcis.it\/wp\/wp-content\/uploads\/2025\/10\/RegatanazOpenSkiff-RSAero-CNRimini2025_EGiolaiphoto-5135-1024x682.jpg 1024w, https:\/\/www.leganavalesulcis.it\/wp\/wp-content\/uploads\/2025\/10\/RegatanazOpenSkiff-RSAero-CNRimini2025_EGiolaiphoto-5135-300x200.jpg 300w, https:\/\/www.leganavalesulcis.it\/wp\/wp-content\/uploads\/2025\/10\/RegatanazOpenSkiff-RSAero-CNRimini2025_EGiolaiphoto-5135-768x512.jpg 768w, https:\/\/www.leganavalesulcis.it\/wp\/wp-content\/uploads\/2025\/10\/RegatanazOpenSkiff-RSAero-CNRimini2025_EGiolaiphoto-5135-1536x1024.jpg 1536w, https:\/\/www.leganavalesulcis.it\/wp\/wp-content\/uploads\/2025\/10\/RegatanazOpenSkiff-RSAero-CNRimini2025_EGiolaiphoto-5135.jpg 2000w\" sizes=\"auto, (max-width: 1024px) 100vw, 1024px\" \/><\/figure>\n\n\n\n<figure class=\"wp-block-image size-large\"><img loading=\"lazy\" decoding=\"async\" width=\"1024\" height=\"682\" data-id=\"4485\" src=\"https:\/\/www.leganavalesulcis.it\/wp\/wp-content\/uploads\/2025\/10\/RegatanazOpenSkiff-RSAero-CNRimini2025_EGiolaiphoto-5899-1024x682.jpg\" alt=\"\" class=\"wp-image-4485\" srcset=\"https:\/\/www.leganavalesulcis.it\/wp\/wp-content\/uploads\/2025\/10\/RegatanazOpenSkiff-RSAero-CNRimini2025_EGiolaiphoto-5899-1024x682.jpg 1024w, https:\/\/www.leganavalesulcis.it\/wp\/wp-content\/uploads\/2025\/10\/RegatanazOpenSkiff-RSAero-CNRimini2025_EGiolaiphoto-5899-300x200.jpg 300w, https:\/\/www.leganavalesulcis.it\/wp\/wp-content\/uploads\/2025\/10\/RegatanazOpenSkiff-RSAero-CNRimini2025_EGiolaiphoto-5899-768x512.jpg 768w, https:\/\/www.leganavalesulcis.it\/wp\/wp-content\/uploads\/2025\/10\/RegatanazOpenSkiff-RSAero-CNRimini2025_EGiolaiphoto-5899-1536x1024.jpg 1536w, https:\/\/www.leganavalesulcis.it\/wp\/wp-content\/uploads\/2025\/10\/RegatanazOpenSkiff-RSAero-CNRimini2025_EGiolaiphoto-5899.jpg 2000w\" sizes=\"auto, (max-width: 1024px) 100vw, 1024px\" \/><\/figure>\n<\/figure>\n\n\n\n<p>Tutti gli atleti,  rappresentano con orgoglio la <strong>Lega Navale Italiana del Sulcis<\/strong>, che consolida cos\u00ec la propria presenza tra le societ\u00e0 di vertice del panorama nazionale RS Aero.<\/p>\n\n\n\n<p>Un ringraziamento va al <strong>Club Nautico Rimini<\/strong> per l\u2019impeccabile organizzazione e l&#8217;accoglienza riservata a tutti i partecipanti, nonch\u00e9 agli atleti e agli allenatori per l\u2019impegno e la professionalit\u00e0 dimostrati.<\/p>\n\n\n\n<p>La stagione prosegue ora con entusiasmo verso i prossimi appuntamenti internazionali alla Canottieri Ichnusa di Cagliari! <\/p>\n\n\n\n<div class=\"wp-block-buttons is-layout-flex wp-block-buttons-is-layout-flex\">\n<div class=\"wp-block-button\"><a class=\"wp-block-button__link wp-element-button\" href=\"https:\/\/photos.app.goo.gl\/RrrFz81e1hfMKgD67\">le nostre foto<\/a><\/div>\n\n\n\n<div class=\"wp-block-button\"><a class=\"wp-block-button__link wp-element-button\" href=\"https:\/\/photos.app.goo.gl\/RrrFz81e1hfMKgD67\">le foto ufficiali<\/a><\/div>\n\n\n\n<div class=\"wp-block-button\"><a class=\"wp-block-button__link wp-element-button\" href=\"https:\/\/www.racingrulesofsailing.org\/documents\/12348\/event\">la bacheca ufficiale RRS<\/a><\/div>\n<\/div>\n","protected":false},"excerpt":{"rendered":"<p>5 ottobre 2025 &#8211; Si \u00e8 conclusa con ottimi risultati per la Lega Navale Italiana del Sulcis la quinta tappa<\/p>\n","protected":false},"author":2,"featured_media":4488,"comment_status":"closed","ping_status":"closed","sticky":false,"template":"","format":"standard","meta":{"colormag_page_container_layout":"default_layout","colormag_page_sidebar_layout":"default_layout","jetpack_post_was_ever_published":false,"_jetpack_newsletter_access":"","_jetpack_dont_email_post_to_subs":false,"_jetpack_newsletter_tier_id":0,"_jetpack_memberships_contains_paywalled_content":false,"_jetpack_memberships_contains_paid_content":false,"footnotes":""},"categories":[3,5],"tags":[],"class_list":["post-4483","post","type-post","status-publish","format-standard","has-post-thumbnail","hentry","category-attivita","category-notizie"],"yoast_head":"<!-- This site is optimized with the Yoast SEO plugin v27.4 - https:\/\/yoast.com\/product\/yoast-seo-wordpress\/ -->\r\n<title>RS Aero \u2013 5\u00aa Tappa del Campionato Nazionale: grandi risultati per la LNI del Sulcis - Lega Navale Italiana Sezione Sulcis<\/title>\r\n<meta name=\"robots\" content=\"index, follow, max-snippet:-1, max-image-preview:large, max-video-preview:-1\" \/>\r\n<link rel=\"canonical\" href=\"https:\/\/www.leganavalesulcis.it\/wp\/rs-aero-5a-tappa-del-campionato-nazionale-grandi-risultati-per-la-lni-del-sulcis\/\" \/>\r\n<meta property=\"og:locale\" content=\"it_IT\" \/>\r\n<meta property=\"og:type\" content=\"article\" \/>\r\n<meta property=\"og:title\" content=\"RS Aero \u2013 5\u00aa Tappa del Campionato Nazionale: grandi risultati per la LNI del Sulcis - Lega Navale Italiana Sezione Sulcis\" \/>\r\n<meta property=\"og:description\" content=\"5 ottobre 2025 &#8211; Si \u00e8 conclusa con ottimi risultati per la Lega Navale Italiana del Sulcis la quinta tappa\" \/>\r\n<meta property=\"og:url\" content=\"https:\/\/www.leganavalesulcis.it\/wp\/rs-aero-5a-tappa-del-campionato-nazionale-grandi-risultati-per-la-lni-del-sulcis\/\" \/>\r\n<meta property=\"og:site_name\" content=\"Lega Navale Italiana Sezione Sulcis\" \/>\r\n<meta property=\"article:published_time\" content=\"2025-10-05T16:24:37+00:00\" \/>\r\n<meta property=\"article:modified_time\" content=\"2025-10-05T17:13:17+00:00\" \/>\r\n<meta property=\"og:image\" content=\"https:\/\/www.leganavalesulcis.it\/wp\/wp-content\/uploads\/2025\/10\/RegatanazOpenSkiff-RSAero-CNRimini2025_EGiolaiphoto-4719.jpg\" \/>\r\n\t<meta property=\"og:image:width\" content=\"2000\" \/>\r\n\t<meta property=\"og:image:height\" content=\"1333\" \/>\r\n\t<meta property=\"og:image:type\" content=\"image\/jpeg\" \/>\r\n<meta name=\"author\" content=\"Tiziana Schiaffino\" \/>\r\n<meta name=\"twitter:card\" content=\"summary_large_image\" \/>\r\n<meta name=\"twitter:label1\" content=\"Scritto da\" \/>\n\t<meta name=\"twitter:data1\" content=\"Tiziana Schiaffino\" \/>\n\t<meta name=\"twitter:label2\" content=\"Tempo di lettura stimato\" \/>\n\t<meta name=\"twitter:data2\" content=\"3 minuti\" \/>\r\n<script type=\"application\/ld+json\" class=\"yoast-schema-graph\">{\"@context\":\"https:\\\/\\\/schema.org\",\"@graph\":[{\"@type\":\"Article\",\"@id\":\"https:\\\/\\\/www.leganavalesulcis.it\\\/wp\\\/rs-aero-5a-tappa-del-campionato-nazionale-grandi-risultati-per-la-lni-del-sulcis\\\/#article\",\"isPartOf\":{\"@id\":\"https:\\\/\\\/www.leganavalesulcis.it\\\/wp\\\/rs-aero-5a-tappa-del-campionato-nazionale-grandi-risultati-per-la-lni-del-sulcis\\\/\"},\"author\":{\"name\":\"Tiziana Schiaffino\",\"@id\":\"https:\\\/\\\/www.leganavalesulcis.it\\\/wp\\\/#\\\/schema\\\/person\\\/aa224f330972cd0dc0ca3fef5f94e2e4\"},\"headline\":\"RS Aero \u2013 5\u00aa Tappa del Campionato Nazionale: grandi risultati per la LNI del Sulcis\",\"datePublished\":\"2025-10-05T16:24:37+00:00\",\"dateModified\":\"2025-10-05T17:13:17+00:00\",\"mainEntityOfPage\":{\"@id\":\"https:\\\/\\\/www.leganavalesulcis.it\\\/wp\\\/rs-aero-5a-tappa-del-campionato-nazionale-grandi-risultati-per-la-lni-del-sulcis\\\/\"},\"wordCount\":301,\"image\":{\"@id\":\"https:\\\/\\\/www.leganavalesulcis.it\\\/wp\\\/rs-aero-5a-tappa-del-campionato-nazionale-grandi-risultati-per-la-lni-del-sulcis\\\/#primaryimage\"},\"thumbnailUrl\":\"https:\\\/\\\/www.leganavalesulcis.it\\\/wp\\\/wp-content\\\/uploads\\\/2025\\\/10\\\/RegatanazOpenSkiff-RSAero-CNRimini2025_EGiolaiphoto-4719.jpg\",\"articleSection\":[\"attivit\u00e0\",\"notizie\"],\"inLanguage\":\"it-IT\"},{\"@type\":\"WebPage\",\"@id\":\"https:\\\/\\\/www.leganavalesulcis.it\\\/wp\\\/rs-aero-5a-tappa-del-campionato-nazionale-grandi-risultati-per-la-lni-del-sulcis\\\/\",\"url\":\"https:\\\/\\\/www.leganavalesulcis.it\\\/wp\\\/rs-aero-5a-tappa-del-campionato-nazionale-grandi-risultati-per-la-lni-del-sulcis\\\/\",\"name\":\"RS Aero \u2013 5\u00aa Tappa del Campionato Nazionale: grandi risultati per la LNI del Sulcis - Lega Navale Italiana Sezione Sulcis\",\"isPartOf\":{\"@id\":\"https:\\\/\\\/www.leganavalesulcis.it\\\/wp\\\/#website\"},\"primaryImageOfPage\":{\"@id\":\"https:\\\/\\\/www.leganavalesulcis.it\\\/wp\\\/rs-aero-5a-tappa-del-campionato-nazionale-grandi-risultati-per-la-lni-del-sulcis\\\/#primaryimage\"},\"image\":{\"@id\":\"https:\\\/\\\/www.leganavalesulcis.it\\\/wp\\\/rs-aero-5a-tappa-del-campionato-nazionale-grandi-risultati-per-la-lni-del-sulcis\\\/#primaryimage\"},\"thumbnailUrl\":\"https:\\\/\\\/www.leganavalesulcis.it\\\/wp\\\/wp-content\\\/uploads\\\/2025\\\/10\\\/RegatanazOpenSkiff-RSAero-CNRimini2025_EGiolaiphoto-4719.jpg\",\"datePublished\":\"2025-10-05T16:24:37+00:00\",\"dateModified\":\"2025-10-05T17:13:17+00:00\",\"author\":{\"@id\":\"https:\\\/\\\/www.leganavalesulcis.it\\\/wp\\\/#\\\/schema\\\/person\\\/aa224f330972cd0dc0ca3fef5f94e2e4\"},\"breadcrumb\":{\"@id\":\"https:\\\/\\\/www.leganavalesulcis.it\\\/wp\\\/rs-aero-5a-tappa-del-campionato-nazionale-grandi-risultati-per-la-lni-del-sulcis\\\/#breadcrumb\"},\"inLanguage\":\"it-IT\",\"potentialAction\":[{\"@type\":\"ReadAction\",\"target\":[\"https:\\\/\\\/www.leganavalesulcis.it\\\/wp\\\/rs-aero-5a-tappa-del-campionato-nazionale-grandi-risultati-per-la-lni-del-sulcis\\\/\"]}]},{\"@type\":\"ImageObject\",\"inLanguage\":\"it-IT\",\"@id\":\"https:\\\/\\\/www.leganavalesulcis.it\\\/wp\\\/rs-aero-5a-tappa-del-campionato-nazionale-grandi-risultati-per-la-lni-del-sulcis\\\/#primaryimage\",\"url\":\"https:\\\/\\\/www.leganavalesulcis.it\\\/wp\\\/wp-content\\\/uploads\\\/2025\\\/10\\\/RegatanazOpenSkiff-RSAero-CNRimini2025_EGiolaiphoto-4719.jpg\",\"contentUrl\":\"https:\\\/\\\/www.leganavalesulcis.it\\\/wp\\\/wp-content\\\/uploads\\\/2025\\\/10\\\/RegatanazOpenSkiff-RSAero-CNRimini2025_EGiolaiphoto-4719.jpg\",\"width\":2000,\"height\":1333},{\"@type\":\"BreadcrumbList\",\"@id\":\"https:\\\/\\\/www.leganavalesulcis.it\\\/wp\\\/rs-aero-5a-tappa-del-campionato-nazionale-grandi-risultati-per-la-lni-del-sulcis\\\/#breadcrumb\",\"itemListElement\":[{\"@type\":\"ListItem\",\"position\":1,\"name\":\"Home\",\"item\":\"https:\\\/\\\/www.leganavalesulcis.it\\\/wp\\\/\"},{\"@type\":\"ListItem\",\"position\":2,\"name\":\"RS Aero \u2013 5\u00aa Tappa del Campionato Nazionale: grandi risultati per la LNI del Sulcis\"}]},{\"@type\":\"WebSite\",\"@id\":\"https:\\\/\\\/www.leganavalesulcis.it\\\/wp\\\/#website\",\"url\":\"https:\\\/\\\/www.leganavalesulcis.it\\\/wp\\\/\",\"name\":\"Lega Navale Italiana Sezione Sulcis\",\"description\":\"Porto Pino - Calasetta\",\"potentialAction\":[{\"@type\":\"SearchAction\",\"target\":{\"@type\":\"EntryPoint\",\"urlTemplate\":\"https:\\\/\\\/www.leganavalesulcis.it\\\/wp\\\/?s={search_term_string}\"},\"query-input\":{\"@type\":\"PropertyValueSpecification\",\"valueRequired\":true,\"valueName\":\"search_term_string\"}}],\"inLanguage\":\"it-IT\"},{\"@type\":\"Person\",\"@id\":\"https:\\\/\\\/www.leganavalesulcis.it\\\/wp\\\/#\\\/schema\\\/person\\\/aa224f330972cd0dc0ca3fef5f94e2e4\",\"name\":\"Tiziana Schiaffino\",\"url\":\"https:\\\/\\\/www.leganavalesulcis.it\\\/wp\\\/author\\\/tiziana\\\/\"}]}<\/script>\r\n<!-- \/ Yoast SEO plugin. -->","yoast_head_json":{"title":"RS Aero \u2013 5\u00aa Tappa del Campionato Nazionale: grandi risultati per la LNI del Sulcis - Lega Navale Italiana Sezione Sulcis","robots":{"index":"index","follow":"follow","max-snippet":"max-snippet:-1","max-image-preview":"max-image-preview:large","max-video-preview":"max-video-preview:-1"},"canonical":"https:\/\/www.leganavalesulcis.it\/wp\/rs-aero-5a-tappa-del-campionato-nazionale-grandi-risultati-per-la-lni-del-sulcis\/","og_locale":"it_IT","og_type":"article","og_title":"RS Aero \u2013 5\u00aa Tappa del Campionato Nazionale: grandi risultati per la LNI del Sulcis - Lega Navale Italiana Sezione Sulcis","og_description":"5 ottobre 2025 &#8211; Si \u00e8 conclusa con ottimi risultati per la Lega Navale Italiana del Sulcis la quinta tappa","og_url":"https:\/\/www.leganavalesulcis.it\/wp\/rs-aero-5a-tappa-del-campionato-nazionale-grandi-risultati-per-la-lni-del-sulcis\/","og_site_name":"Lega Navale Italiana Sezione Sulcis","article_published_time":"2025-10-05T16:24:37+00:00","article_modified_time":"2025-10-05T17:13:17+00:00","og_image":[{"width":2000,"height":1333,"url":"https:\/\/www.leganavalesulcis.it\/wp\/wp-content\/uploads\/2025\/10\/RegatanazOpenSkiff-RSAero-CNRimini2025_EGiolaiphoto-4719.jpg","type":"image\/jpeg"}],"author":"Tiziana Schiaffino","twitter_card":"summary_large_image","twitter_misc":{"Scritto da":"Tiziana Schiaffino","Tempo di lettura stimato":"3 minuti"},"schema":{"@context":"https:\/\/schema.org","@graph":[{"@type":"Article","@id":"https:\/\/www.leganavalesulcis.it\/wp\/rs-aero-5a-tappa-del-campionato-nazionale-grandi-risultati-per-la-lni-del-sulcis\/#article","isPartOf":{"@id":"https:\/\/www.leganavalesulcis.it\/wp\/rs-aero-5a-tappa-del-campionato-nazionale-grandi-risultati-per-la-lni-del-sulcis\/"},"author":{"name":"Tiziana Schiaffino","@id":"https:\/\/www.leganavalesulcis.it\/wp\/#\/schema\/person\/aa224f330972cd0dc0ca3fef5f94e2e4"},"headline":"RS Aero \u2013 5\u00aa Tappa del Campionato Nazionale: grandi risultati per la LNI del Sulcis","datePublished":"2025-10-05T16:24:37+00:00","dateModified":"2025-10-05T17:13:17+00:00","mainEntityOfPage":{"@id":"https:\/\/www.leganavalesulcis.it\/wp\/rs-aero-5a-tappa-del-campionato-nazionale-grandi-risultati-per-la-lni-del-sulcis\/"},"wordCount":301,"image":{"@id":"https:\/\/www.leganavalesulcis.it\/wp\/rs-aero-5a-tappa-del-campionato-nazionale-grandi-risultati-per-la-lni-del-sulcis\/#primaryimage"},"thumbnailUrl":"https:\/\/www.leganavalesulcis.it\/wp\/wp-content\/uploads\/2025\/10\/RegatanazOpenSkiff-RSAero-CNRimini2025_EGiolaiphoto-4719.jpg","articleSection":["attivit\u00e0","notizie"],"inLanguage":"it-IT"},{"@type":"WebPage","@id":"https:\/\/www.leganavalesulcis.it\/wp\/rs-aero-5a-tappa-del-campionato-nazionale-grandi-risultati-per-la-lni-del-sulcis\/","url":"https:\/\/www.leganavalesulcis.it\/wp\/rs-aero-5a-tappa-del-campionato-nazionale-grandi-risultati-per-la-lni-del-sulcis\/","name":"RS Aero \u2013 5\u00aa Tappa del Campionato Nazionale: grandi risultati per la LNI del Sulcis - Lega Navale Italiana Sezione Sulcis","isPartOf":{"@id":"https:\/\/www.leganavalesulcis.it\/wp\/#website"},"primaryImageOfPage":{"@id":"https:\/\/www.leganavalesulcis.it\/wp\/rs-aero-5a-tappa-del-campionato-nazionale-grandi-risultati-per-la-lni-del-sulcis\/#primaryimage"},"image":{"@id":"https:\/\/www.leganavalesulcis.it\/wp\/rs-aero-5a-tappa-del-campionato-nazionale-grandi-risultati-per-la-lni-del-sulcis\/#primaryimage"},"thumbnailUrl":"https:\/\/www.leganavalesulcis.it\/wp\/wp-content\/uploads\/2025\/10\/RegatanazOpenSkiff-RSAero-CNRimini2025_EGiolaiphoto-4719.jpg","datePublished":"2025-10-05T16:24:37+00:00","dateModified":"2025-10-05T17:13:17+00:00","author":{"@id":"https:\/\/www.leganavalesulcis.it\/wp\/#\/schema\/person\/aa224f330972cd0dc0ca3fef5f94e2e4"},"breadcrumb":{"@id":"https:\/\/www.leganavalesulcis.it\/wp\/rs-aero-5a-tappa-del-campionato-nazionale-grandi-risultati-per-la-lni-del-sulcis\/#breadcrumb"},"inLanguage":"it-IT","potentialAction":[{"@type":"ReadAction","target":["https:\/\/www.leganavalesulcis.it\/wp\/rs-aero-5a-tappa-del-campionato-nazionale-grandi-risultati-per-la-lni-del-sulcis\/"]}]},{"@type":"ImageObject","inLanguage":"it-IT","@id":"https:\/\/www.leganavalesulcis.it\/wp\/rs-aero-5a-tappa-del-campionato-nazionale-grandi-risultati-per-la-lni-del-sulcis\/#primaryimage","url":"https:\/\/www.leganavalesulcis.it\/wp\/wp-content\/uploads\/2025\/10\/RegatanazOpenSkiff-RSAero-CNRimini2025_EGiolaiphoto-4719.jpg","contentUrl":"https:\/\/www.leganavalesulcis.it\/wp\/wp-content\/uploads\/2025\/10\/RegatanazOpenSkiff-RSAero-CNRimini2025_EGiolaiphoto-4719.jpg","width":2000,"height":1333},{"@type":"BreadcrumbList","@id":"https:\/\/www.leganavalesulcis.it\/wp\/rs-aero-5a-tappa-del-campionato-nazionale-grandi-risultati-per-la-lni-del-sulcis\/#breadcrumb","itemListElement":[{"@type":"ListItem","position":1,"name":"Home","item":"https:\/\/www.leganavalesulcis.it\/wp\/"},{"@type":"ListItem","position":2,"name":"RS Aero \u2013 5\u00aa Tappa del Campionato Nazionale: grandi risultati per la LNI del Sulcis"}]},{"@type":"WebSite","@id":"https:\/\/www.leganavalesulcis.it\/wp\/#website","url":"https:\/\/www.leganavalesulcis.it\/wp\/","name":"Lega Navale Italiana Sezione Sulcis","description":"Porto Pino - Calasetta","potentialAction":[{"@type":"SearchAction","target":{"@type":"EntryPoint","urlTemplate":"https:\/\/www.leganavalesulcis.it\/wp\/?s={search_term_string}"},"query-input":{"@type":"PropertyValueSpecification","valueRequired":true,"valueName":"search_term_string"}}],"inLanguage":"it-IT"},{"@type":"Person","@id":"https:\/\/www.leganavalesulcis.it\/wp\/#\/schema\/person\/aa224f330972cd0dc0ca3fef5f94e2e4","name":"Tiziana Schiaffino","url":"https:\/\/www.leganavalesulcis.it\/wp\/author\/tiziana\/"}]}},"jetpack_featured_media_url":"https:\/\/www.leganavalesulcis.it\/wp\/wp-content\/uploads\/2025\/10\/RegatanazOpenSkiff-RSAero-CNRimini2025_EGiolaiphoto-4719.jpg","jetpack_sharing_enabled":true,"jetpack_shortlink":"https:\/\/wp.me\/paRkGJ-1aj","jetpack_likes_enabled":true,"_links":{"self":[{"href":"https:\/\/www.leganavalesulcis.it\/wp\/wp-json\/wp\/v2\/posts\/4483","targetHints":{"allow":["GET"]}}],"collection":[{"href":"https:\/\/www.leganavalesulcis.it\/wp\/wp-json\/wp\/v2\/posts"}],"about":[{"href":"https:\/\/www.leganavalesulcis.it\/wp\/wp-json\/wp\/v2\/types\/post"}],"author":[{"embeddable":true,"href":"https:\/\/www.leganavalesulcis.it\/wp\/wp-json\/wp\/v2\/users\/2"}],"replies":[{"embeddable":true,"href":"https:\/\/www.leganavalesulcis.it\/wp\/wp-json\/wp\/v2\/comments?post=4483"}],"version-history":[{"count":4,"href":"https:\/\/www.leganavalesulcis.it\/wp\/wp-json\/wp\/v2\/posts\/4483\/revisions"}],"predecessor-version":[{"id":4494,"href":"https:\/\/www.leganavalesulcis.it\/wp\/wp-json\/wp\/v2\/posts\/4483\/revisions\/4494"}],"wp:featuredmedia":[{"embeddable":true,"href":"https:\/\/www.leganavalesulcis.it\/wp\/wp-json\/wp\/v2\/media\/4488"}],"wp:attachment":[{"href":"https:\/\/www.leganavalesulcis.it\/wp\/wp-json\/wp\/v2\/media?parent=4483"}],"wp:term":[{"taxonomy":"category","embeddable":true,"href":"https:\/\/www.leganavalesulcis.it\/wp\/wp-json\/wp\/v2\/categories?post=4483"},{"taxonomy":"post_tag","embeddable":true,"href":"https:\/\/www.leganavalesulcis.it\/wp\/wp-json\/wp\/v2\/tags?post=4483"}],"curies":[{"name":"wp","href":"https:\/\/api.w.org\/{rel}","templated":true}]}}